{"id":219,"date":"2014-03-16T13:31:00","date_gmt":"2014-03-16T11:31:00","guid":{"rendered":"https:\/\/nebeleinhorn.wordpress.com\/2014\/03\/16\/ponygeburtstag\/"},"modified":"2016-04-09T10:42:04","modified_gmt":"2016-04-09T08:42:04","slug":"ponygeburtstag","status":"publish","type":"post","link":"https:\/\/www.tash-horseexperience.click\/wordpress\/2014\/03\/ponygeburtstag\/","title":{"rendered":"Ponygeburtstag"},"content":{"rendered":"<div style=\"text-align: justify;\">*trippeltrappel* &#8222;Shadooooowwwww, ich hab heute \u00a0Geburtstaaaaag!!!&#8220;<\/div>\n<div style=\"text-align: justify;\"><\/div>\n<div style=\"text-align: justify;\">&#8222;Yeah, gratuliere mein Kleiner!&#8220; *grml*<\/div>\n<div style=\"text-align: justify;\"><\/div>\n<div style=\"text-align: justify;\">&#8222;Warum bist du denn so grummlig?&#8220;<\/div>\n<div style=\"text-align: justify;\"><\/div>\n<div style=\"text-align: justify;\">&#8222;Na guck mal raus. Es st\u00fcrmt und regnet.. Wenn man vor die T\u00fcr geht, wird man verblasen. Ich frag mich, was sich der Bauer dabei denkt, unser Heu nach draussen zu legen! Der will uns wohl loswerden. Oder er hofft drauf, dass wir Fl\u00fcgel bekommen und Pegasus spielen.&#8220;<\/div>\n<div style=\"text-align: justify;\"><a name=\"more\"><\/a><\/p>\n<div style=\"text-align: justify;\">&#8222;Woah, Pegasus, das w\u00e4r mal was :D. Dann k\u00f6nnt ich auf eine saftige Wiese fliegen und essen, soviel ich will! Das w\u00fcnsch ich mir zum Geburtstag!&#8220;<\/div>\n<div style=\"text-align: justify;\"><\/div>\n<div style=\"text-align: justify;\">&#8222;Nene, Zwerg. Bleib du mal sch\u00f6n am Boden. Gerade das jetzt wachsende, frische, junge Gras ist so garnicht recht gesund f\u00fcr dich. Du n\u00e4mlich bist ein leichtfuttriger Pony und wirst von zu viel saftigem Gras krank. Nicht umsonst, sind wir als Einzige auf ner fast graslosen Wiese eingesperrt.&#8220;<\/div>\n<div style=\"text-align: justify;\"><\/div>\n<div style=\"text-align: justify;\">*Hmpf* &#8222;Aber schau mich doch an: Schlank wie eine Gazelle bin ich! Und ausserdem wachse ich ja wie verr\u00fcckt, da brauch ich dem entsprechend vieeeeel Energie und Futter&#8220;<\/div>\n<div style=\"text-align: justify;\"><\/div>\n<div style=\"text-align: justify;\">&#8222;\u00d6hm.. Ja. Du w\u00e4chst wie verr\u00fcckt.&#8220; *kicher* &#8222;Trotzdem, zu viel des Guten ist schlecht, insofern besser kein Pegasus, sondern bodenst\u00e4ndiger, schlanker, wie wild wachsender Pony.&#8220;<\/div>\n<div style=\"text-align: justify;\"><\/div>\n<div style=\"text-align: justify;\">&#8222;Aber warum steht Raudi dann eigentlich bei uns? Der ist doch kein Pony und hat immer Hunger, scheints.&#8220;<\/div>\n<div style=\"text-align: justify;\"><\/div>\n<div style=\"text-align: justify;\">&#8222;Raudi ist ein alter, bissl kranker Haflinger. Haflinger sind auch leichtfuttrig. Und hat er mir mal erz\u00e4hlt, dass er irgendwie sowas wie Diabetes hat, was ne Zuckerkrankheit sein soll. Dementsprechend ist er wohl auf Dauerdi\u00e4t, was manchmal aber seiner Laune schadet.&#8220;<\/div>\n<div style=\"text-align: justify;\"><\/div>\n<div style=\"text-align: justify;\">&#8222;Diabetes&#8230; Sachen gibt&#8217;s.. ich frag jetzt nicht nach, was das sein soll, merks mir ja sowieso nicht. Da r\u00e4um ich lieber noch ein paar von Tashs Sachen da oben ab :D&#8220; *zerr, h\u00fcpf, knabber* &#8222;Ui, guck &#8211; ein Pulli :D. Den reib ich bissl in die S\u00e4gesp\u00e4ne ein, sie freut sich bestimmt, wenn der Pulli so riecht wie wir, so kann sie sich wie ein Pony f\u00fchlen!&#8220; *kicher*<\/div>\n<div style=\"text-align: justify;\"><\/div>\n<div style=\"text-align: justify;\">&#8222;Du kleiner Kasperl, wart ich hol dir noch die B\u00fcrste da oben!&#8220; &#8222;Woah, danke!&#8220; *rumrubbel* &#8222;Kannst du die Plastikdose noch holen, bitte?&#8220; &#8222;Jawohl!&#8220; *schwupps* &#8222;Aaaah, da ist noch ein Sacker.&#8220; *schnapp*<\/div>\n<div style=\"text-align: justify;\"><\/div>\n<div style=\"text-align: justify;\">&#8222;Immer wieder tolle Spielsachen hier, da brauch ich noch lange nicht erwachsen zu\u00a0werden. Wobei ich grad lieber mit dir auf der Weide rumlaufen w\u00fcrde, bissi langweilig ist das schon, wenn du so garnicht mit mir raus gehst&#8230; und dabei hab ich GEBUUUUUURTSTAG!&#8220;<\/div>\n<div style=\"text-align: justify;\"><\/div>\n<div style=\"text-align: justify;\">&#8222;Ist ja gut, bald kommt die Tash, die soll dich dann bespa\u00dfen. Und bis dahin sehen wir uns die Bilder der letzten sonnigen\u00a0Tage an.&#8220;<\/div>\n<div class=\"separator\" style=\"clear: both; text-align: center;\"><a style=\"margin-left: 1em; margin-right: 1em;\" href=\"https:\/\/nebeleinhorn.files.wordpress.com\/2014\/03\/e1903-img_29815b15d.jpg?resize=400%2C300\"><img loading=\"lazy\" src=\"https:\/\/nebeleinhorn.files.wordpress.com\/2014\/03\/e1903-img_29815b15d.jpg?resize=400%2C300\" alt=\"\" width=\"400\" height=\"300\" border=\"0\" data-recalc-dims=\"1\" \/><\/a><\/div>\n<div class=\"separator\" style=\"clear: both; text-align: center;\"><a style=\"margin-left: 1em; margin-right: 1em;\" href=\"https:\/\/nebeleinhorn.files.wordpress.com\/2014\/03\/bc8ad-img_29795b15d.jpg?resize=400%2C300\"><img loading=\"lazy\" src=\"https:\/\/nebeleinhorn.files.wordpress.com\/2014\/03\/bc8ad-img_29795b15d.jpg?resize=400%2C300\" alt=\"\" width=\"400\" height=\"300\" border=\"0\" data-recalc-dims=\"1\" \/><\/a><\/div>\n<div class=\"separator\" style=\"clear: both; text-align: center;\"><a style=\"margin-left: 1em; margin-right: 1em;\" href=\"https:\/\/nebeleinhorn.files.wordpress.com\/2014\/03\/76aae-img_29765b15d.jpg?resize=400%2C298\"><img loading=\"lazy\" src=\"https:\/\/nebeleinhorn.files.wordpress.com\/2014\/03\/76aae-img_29765b15d.jpg?resize=400%2C298\" alt=\"\" width=\"400\" height=\"298\" border=\"0\" data-recalc-dims=\"1\" \/><\/a><\/div>\n<div class=\"separator\" style=\"clear: both; text-align: center;\"><\/div>\n<div class=\"separator\" style=\"clear: both; text-align: center;\"><a style=\"margin-left: 1em; margin-right: 1em;\" href=\"https:\/\/nebeleinhorn.files.wordpress.com\/2014\/03\/13bd8-img_29705b15d.jpg?resize=400%2C298\"><img loading=\"lazy\" src=\"https:\/\/nebeleinhorn.files.wordpress.com\/2014\/03\/13bd8-img_29705b15d.jpg?resize=400%2C298\" alt=\"\" width=\"400\" height=\"298\" border=\"0\" data-recalc-dims=\"1\" \/><\/a><\/div>\n<div class=\"separator\" style=\"clear: both; text-align: center;\"><a style=\"margin-left: 1em; margin-right: 1em;\" href=\"https:\/\/nebeleinhorn.files.wordpress.com\/2014\/03\/9d419-img_29635b15d.jpg?resize=400%2C298\"><img loading=\"lazy\" src=\"https:\/\/nebeleinhorn.files.wordpress.com\/2014\/03\/9d419-img_29635b15d.jpg?resize=400%2C298\" alt=\"\" width=\"400\" height=\"298\" border=\"0\" data-recalc-dims=\"1\" \/><\/a><\/div>\n<div class=\"separator\" style=\"clear: both; text-align: center;\"><\/div>\n<div class=\"separator\" style=\"clear: both; text-align: center;\"><a style=\"margin-left: 1em; margin-right: 1em;\" href=\"https:\/\/nebeleinhorn.files.wordpress.com\/2014\/03\/261cd-img_29845b15d.jpg?resize=400%2C300\"><img loading=\"lazy\" src=\"https:\/\/nebeleinhorn.files.wordpress.com\/2014\/03\/261cd-img_29845b15d.jpg?resize=400%2C300\" alt=\"\" width=\"400\" height=\"300\" border=\"0\" data-recalc-dims=\"1\" \/><\/a><\/div>\n<div class=\"separator\" style=\"clear: both; text-align: center;\"><a style=\"margin-left: 1em; margin-right: 1em;\" href=\"https:\/\/nebeleinhorn.files.wordpress.com\/2014\/03\/ce1e7-img_29655b15d.jpg?resize=400%2C298\"><img loading=\"lazy\" src=\"https:\/\/nebeleinhorn.files.wordpress.com\/2014\/03\/ce1e7-img_29655b15d.jpg?resize=400%2C298\" alt=\"\" width=\"400\" height=\"298\" border=\"0\" data-recalc-dims=\"1\" \/><\/a><\/div>\n<div class=\"separator\" style=\"clear: both; text-align: center;\"><a style=\"margin-left: 1em; margin-right: 1em;\" href=\"https:\/\/nebeleinhorn.files.wordpress.com\/2014\/03\/17c4f-img_29585b15d.jpg?resize=400%2C298\"><img loading=\"lazy\" src=\"https:\/\/nebeleinhorn.files.wordpress.com\/2014\/03\/17c4f-img_29585b15d.jpg?resize=400%2C298\" alt=\"\" width=\"400\" height=\"298\" border=\"0\" data-recalc-dims=\"1\" \/><\/a><\/div>\n<div class=\"separator\" style=\"clear: both; text-align: center;\"><a style=\"margin-left: 1em; margin-right: 1em;\" href=\"https:\/\/nebeleinhorn.files.wordpress.com\/2014\/03\/4a899-img_29445b15d.jpg?resize=400%2C298\"><img loading=\"lazy\" src=\"https:\/\/nebeleinhorn.files.wordpress.com\/2014\/03\/4a899-img_29445b15d.jpg?resize=400%2C298\" alt=\"\" width=\"400\" height=\"298\" border=\"0\" data-recalc-dims=\"1\" \/><\/a><\/div>\n<div class=\"separator\" style=\"clear: both; text-align: center;\"><a style=\"margin-left: 1em; margin-right: 1em;\" href=\"https:\/\/nebeleinhorn.files.wordpress.com\/2014\/03\/3f9ad-img_29905b15d.jpg?resize=400%2C298\"><img loading=\"lazy\" src=\"https:\/\/nebeleinhorn.files.wordpress.com\/2014\/03\/3f9ad-img_29905b15d.jpg?resize=400%2C298\" alt=\"\" width=\"400\" height=\"298\" border=\"0\" data-recalc-dims=\"1\" \/><\/a><\/div>\n<p>Spencers Geburtstag war gestern. Jetzt ist er also zwei Jahre alt \ud83d\ude42 Schlimm, wie schnell die Zeit vergeht, gerade noch Babys und bald schon sind sie aus dem Haus \ud83d\ude1b<\/p>\n<p>Genie\u00dft den Wetter bedingt ungem\u00fctlichen Sonntag!<\/p>\n<p>Liebste Gr\u00fc\u00dfe,<\/p>\n<p>Tash, Shadow und Spencer<\/p><\/div>\n<div class=\"sharedaddy sd-sharing-enabled\"><div class=\"robots-nocontent sd-block sd-social sd-social-icon sd-sharing\"><h3 class=\"sd-title\">Teilen mit:<\/h3><div class=\"sd-content\"><ul><li><a href=\"#\" class=\"sharing-anchor sd-button share-more\"><span>Teilen<\/span><\/a><\/li><li class=\"share-end\"><\/li><\/ul><div class=\"sharing-hidden\"><div class=\"inner\" style=\"display: none;\"><ul><li class=\"share-facebook\"><a rel=\"nofollow noopener noreferrer\" data-shared=\"sharing-facebook-219\" class=\"share-facebook sd-button share-icon no-text\" href=\"https:\/\/www.tash-horseexperience.click\/wordpress\/2014\/03\/ponygeburtstag\/?share=facebook\" target=\"_blank\" title=\"Klick, um auf Facebook zu teilen\"><span><\/span><span class=\"sharing-screen-reader-text\">Klick, um auf Facebook zu teilen (Wird in neuem Fenster ge\u00f6ffnet)<\/span><\/a><\/li><li class=\"share-twitter\"><a rel=\"nofollow noopener noreferrer\" data-shared=\"sharing-twitter-219\" class=\"share-twitter sd-button share-icon no-text\" href=\"https:\/\/www.tash-horseexperience.click\/wordpress\/2014\/03\/ponygeburtstag\/?share=twitter\" target=\"_blank\" title=\"Klick, um \u00fcber Twitter zu teilen\"><span><\/span><span class=\"sharing-screen-reader-text\">Klick, um \u00fcber Twitter zu teilen (Wird in neuem Fenster ge\u00f6ffnet)<\/span><\/a><\/li><li class=\"share-end\"><\/li><li class=\"share-pinterest\"><a rel=\"nofollow noopener noreferrer\" data-shared=\"sharing-pinterest-219\" class=\"share-pinterest sd-button share-icon no-text\" href=\"https:\/\/www.tash-horseexperience.click\/wordpress\/2014\/03\/ponygeburtstag\/?share=pinterest\" target=\"_blank\" title=\"Klick, um auf Pinterest zu teilen\"><span><\/span><span class=\"sharing-screen-reader-text\">Klick, um auf Pinterest zu teilen (Wird in neuem Fenster ge\u00f6ffnet)<\/span><\/a><\/li><li class=\"share-end\"><\/li><\/ul><\/div><\/div><\/div><\/div><\/div>","protected":false},"excerpt":{"rendered":"<p>*trippeltrappel* &#8222;Shadooooowwwww, ich hab heute \u00a0Geburtstaaaaag!!!&#8220; &#8222;Yeah, gratuliere mein Kleiner!&#8220; *grml* &#8222;Warum bist du denn so grummlig?&#8220; &#8222;Na guck mal raus. Es st\u00fcrmt und regnet.. Wenn man vor die T\u00fcr geht, wird man verblasen. Ich frag mich, was sich der Bauer dabei denkt, unser Heu nach draussen zu legen! Der will uns wohl loswerden. Oder er hofft drauf, dass wir Fl\u00fcgel bekommen und Pegasus spielen.&#8220; &#8222;Woah, Pegasus, das w\u00e4r mal was :D. Dann k\u00f6nnt ich auf eine saftige Wiese fliegen und essen, soviel ich will! Das w\u00fcnsch ich mir zum Geburtstag!&#8220; &#8222;Nene, Zwerg. Bleib du mal sch\u00f6n am Boden. Gerade das jetzt wachsende, frische, junge Gras ist so garnicht recht gesund f\u00fcr dich. Du n\u00e4mlich bist ein leichtfuttriger Pony und wirst von zu viel saftigem Gras krank. Nicht umsonst, sind wir als Einzige auf ner fast graslosen Wiese eingesperrt.&#8220; *Hmpf* &#8222;Aber schau mich doch an: Schlank wie eine Gazelle bin ich! Und ausserdem wachse ich ja wie verr\u00fcckt, da brauch ich dem entsprechend vieeeeel Energie und Futter&#8220; &#8222;\u00d6hm.. Ja. Du w\u00e4chst wie verr\u00fcckt.&#8220; *kicher* &#8222;Trotzdem, zu viel des Guten ist schlecht, insofern besser kein Pegasus, sondern bodenst\u00e4ndiger, schlanker, wie wild wachsender Pony.&#8220; &#8222;Aber warum steht Raudi dann eigentlich bei uns? [&hellip;]<\/p>\n<div class=\"sharedaddy sd-sharing-enabled\"><div class=\"robots-nocontent sd-block sd-social sd-social-icon sd-sharing\"><h3 class=\"sd-title\">Teilen mit:<\/h3><div class=\"sd-content\"><ul><li><a href=\"#\" class=\"sharing-anchor sd-button share-more\"><span>Teilen<\/span><\/a><\/li><li class=\"share-end\"><\/li><\/ul><div class=\"sharing-hidden\"><div class=\"inner\" style=\"display: none;\"><ul><li class=\"share-facebook\"><a rel=\"nofollow noopener noreferrer\" data-shared=\"sharing-facebook-219\" class=\"share-facebook sd-button share-icon no-text\" href=\"https:\/\/www.tash-horseexperience.click\/wordpress\/2014\/03\/ponygeburtstag\/?share=facebook\" target=\"_blank\" title=\"Klick, um auf Facebook zu teilen\"><span><\/span><span class=\"sharing-screen-reader-text\">Klick, um auf Facebook zu teilen (Wird in neuem Fenster ge\u00f6ffnet)<\/span><\/a><\/li><li class=\"share-twitter\"><a rel=\"nofollow noopener noreferrer\" data-shared=\"sharing-twitter-219\" class=\"share-twitter sd-button share-icon no-text\" href=\"https:\/\/www.tash-horseexperience.click\/wordpress\/2014\/03\/ponygeburtstag\/?share=twitter\" target=\"_blank\" title=\"Klick, um \u00fcber Twitter zu teilen\"><span><\/span><span class=\"sharing-screen-reader-text\">Klick, um \u00fcber Twitter zu teilen (Wird in neuem Fenster ge\u00f6ffnet)<\/span><\/a><\/li><li class=\"share-end\"><\/li><li class=\"share-pinterest\"><a rel=\"nofollow noopener noreferrer\" data-shared=\"sharing-pinterest-219\" class=\"share-pinterest sd-button share-icon no-text\" href=\"https:\/\/www.tash-horseexperience.click\/wordpress\/2014\/03\/ponygeburtstag\/?share=pinterest\" target=\"_blank\" title=\"Klick, um auf Pinterest zu teilen\"><span><\/span><span class=\"sharing-screen-reader-text\">Klick, um auf Pinterest zu teilen (Wird in neuem Fenster ge\u00f6ffnet)<\/span><\/a><\/li><li class=\"share-end\"><\/li><\/ul><\/div><\/div><\/div><\/div><\/div>","protected":false},"author":3,"featured_media":0,"comment_status":"open","ping_status":"open","sticky":false,"template":"","format":"standard","meta":{"spay_email":"","jetpack_publicize_message":"","jetpack_is_tweetstorm":false},"categories":[12,13],"tags":[],"yoast_head":"<!-- This site is optimized with the Yoast SEO plugin v17.1 - https:\/\/yoast.com\/wordpress\/plugins\/seo\/ -->\n<title>Ponygeburtstag - Tash-Horseexperience<\/title>\n<meta name=\"robots\" content=\"index, follow, max-snippet:-1, max-image-preview:large, max-video-preview:-1\" \/>\n<link rel=\"canonical\" href=\"https:\/\/www.tash-horseexperience.click\/wordpress\/2014\/03\/ponygeburtstag\/\" \/>\n<meta property=\"og:locale\" content=\"de_DE\" \/>\n<meta property=\"og:type\" content=\"article\" \/>\n<meta property=\"og:title\" content=\"Ponygeburtstag - Tash-Horseexperience\" \/>\n<meta property=\"og:description\" content=\"*trippeltrappel* &#8222;Shadooooowwwww, ich hab heute \u00a0Geburtstaaaaag!!!&#8220; &#8222;Yeah, gratuliere mein Kleiner!&#8220; *grml* &#8222;Warum bist du denn so grummlig?&#8220; &#8222;Na guck mal raus. Es st\u00fcrmt und regnet.. Wenn man vor die T\u00fcr geht, wird man verblasen. Ich frag mich, was sich der Bauer dabei denkt, unser Heu nach draussen zu legen! Der will uns wohl loswerden. Oder er hofft drauf, dass wir Fl\u00fcgel bekommen und Pegasus spielen.&#8220; &#8222;Woah, Pegasus, das w\u00e4r mal was :D. Dann k\u00f6nnt ich auf eine saftige Wiese fliegen und essen, soviel ich will! Das w\u00fcnsch ich mir zum Geburtstag!&#8220; &#8222;Nene, Zwerg. Bleib du mal sch\u00f6n am Boden. Gerade das jetzt wachsende, frische, junge Gras ist so garnicht recht gesund f\u00fcr dich. Du n\u00e4mlich bist ein leichtfuttriger Pony und wirst von zu viel saftigem Gras krank. Nicht umsonst, sind wir als Einzige auf ner fast graslosen Wiese eingesperrt.&#8220; *Hmpf* &#8222;Aber schau mich doch an: Schlank wie eine Gazelle bin ich! Und ausserdem wachse ich ja wie verr\u00fcckt, da brauch ich dem entsprechend vieeeeel Energie und Futter&#8220; &#8222;\u00d6hm.. Ja. Du w\u00e4chst wie verr\u00fcckt.&#8220; *kicher* &#8222;Trotzdem, zu viel des Guten ist schlecht, insofern besser kein Pegasus, sondern bodenst\u00e4ndiger, schlanker, wie wild wachsender Pony.&#8220; &#8222;Aber warum steht Raudi dann eigentlich bei uns? [&hellip;]\" \/>\n<meta property=\"og:url\" content=\"https:\/\/www.tash-horseexperience.click\/wordpress\/2014\/03\/ponygeburtstag\/\" \/>\n<meta property=\"og:site_name\" content=\"Tash-Horseexperience\" \/>\n<meta property=\"article:publisher\" content=\"https:\/\/www.facebook.com\/TashHorseexperience\/\" \/>\n<meta property=\"article:published_time\" content=\"2014-03-16T11:31:00+00:00\" \/>\n<meta property=\"article:modified_time\" content=\"2016-04-09T08:42:04+00:00\" \/>\n<meta property=\"og:image\" content=\"https:\/\/nebeleinhorn.files.wordpress.com\/2014\/03\/e1903-img_29815b15d.jpg\" \/>\n<meta name=\"twitter:card\" content=\"summary\" \/>\n<meta name=\"twitter:creator\" content=\"@TashHorse\" \/>\n<meta name=\"twitter:site\" content=\"@TashHorse\" \/>\n<meta name=\"twitter:label1\" content=\"Verfasst von\" \/>\n\t<meta name=\"twitter:data1\" content=\"Tanja\" \/>\n\t<meta name=\"twitter:label2\" content=\"Gesch\u00e4tzte Lesezeit\" \/>\n\t<meta name=\"twitter:data2\" content=\"2\u00a0Minuten\" \/>\n<script type=\"application\/ld+json\" class=\"yoast-schema-graph\">{\"@context\":\"https:\/\/schema.org\",\"@graph\":[{\"@type\":\"WebSite\",\"@id\":\"https:\/\/www.tash-horseexperience.click\/wordpress\/#website\",\"url\":\"https:\/\/www.tash-horseexperience.click\/wordpress\/\",\"name\":\"Tash-Horseexperience\",\"description\":\"Achtsamer Umgang mit dem Pferd\",\"potentialAction\":[{\"@type\":\"SearchAction\",\"target\":{\"@type\":\"EntryPoint\",\"urlTemplate\":\"https:\/\/www.tash-horseexperience.click\/wordpress\/?s={search_term_string}\"},\"query-input\":\"required name=search_term_string\"}],\"inLanguage\":\"de\"},{\"@type\":\"ImageObject\",\"@id\":\"https:\/\/www.tash-horseexperience.click\/wordpress\/2014\/03\/ponygeburtstag\/#primaryimage\",\"inLanguage\":\"de\",\"url\":\"https:\/\/nebeleinhorn.files.wordpress.com\/2014\/03\/e1903-img_29815b15d.jpg\",\"contentUrl\":\"https:\/\/nebeleinhorn.files.wordpress.com\/2014\/03\/e1903-img_29815b15d.jpg\"},{\"@type\":\"WebPage\",\"@id\":\"https:\/\/www.tash-horseexperience.click\/wordpress\/2014\/03\/ponygeburtstag\/#webpage\",\"url\":\"https:\/\/www.tash-horseexperience.click\/wordpress\/2014\/03\/ponygeburtstag\/\",\"name\":\"Ponygeburtstag - Tash-Horseexperience\",\"isPartOf\":{\"@id\":\"https:\/\/www.tash-horseexperience.click\/wordpress\/#website\"},\"primaryImageOfPage\":{\"@id\":\"https:\/\/www.tash-horseexperience.click\/wordpress\/2014\/03\/ponygeburtstag\/#primaryimage\"},\"datePublished\":\"2014-03-16T11:31:00+00:00\",\"dateModified\":\"2016-04-09T08:42:04+00:00\",\"author\":{\"@id\":\"https:\/\/www.tash-horseexperience.click\/wordpress\/#\/schema\/person\/a26db3f4f7049da0db0b7bef4f477dfa\"},\"breadcrumb\":{\"@id\":\"https:\/\/www.tash-horseexperience.click\/wordpress\/2014\/03\/ponygeburtstag\/#breadcrumb\"},\"inLanguage\":\"de\",\"potentialAction\":[{\"@type\":\"ReadAction\",\"target\":[\"https:\/\/www.tash-horseexperience.click\/wordpress\/2014\/03\/ponygeburtstag\/\"]}]},{\"@type\":\"BreadcrumbList\",\"@id\":\"https:\/\/www.tash-horseexperience.click\/wordpress\/2014\/03\/ponygeburtstag\/#breadcrumb\",\"itemListElement\":[{\"@type\":\"ListItem\",\"position\":1,\"name\":\"Startseite\",\"item\":\"https:\/\/www.tash-horseexperience.click\/wordpress\/\"},{\"@type\":\"ListItem\",\"position\":2,\"name\":\"Ponygeburtstag\"}]},{\"@type\":\"Person\",\"@id\":\"https:\/\/www.tash-horseexperience.click\/wordpress\/#\/schema\/person\/a26db3f4f7049da0db0b7bef4f477dfa\",\"name\":\"Tanja\",\"image\":{\"@type\":\"ImageObject\",\"@id\":\"https:\/\/www.tash-horseexperience.click\/wordpress\/#personlogo\",\"inLanguage\":\"de\",\"url\":\"https:\/\/secure.gravatar.com\/avatar\/87f17fa40a5ee2ef815eb30e29340391?s=96&d=monsterid&r=g\",\"contentUrl\":\"https:\/\/secure.gravatar.com\/avatar\/87f17fa40a5ee2ef815eb30e29340391?s=96&d=monsterid&r=g\",\"caption\":\"Tanja\"},\"url\":\"https:\/\/www.tash-horseexperience.click\/wordpress\/author\/tanja\/\"}]}<\/script>\n<!-- \/ Yoast SEO plugin. -->","yoast_head_json":{"title":"Ponygeburtstag - Tash-Horseexperience","robots":{"index":"index","follow":"follow","max-snippet":"max-snippet:-1","max-image-preview":"max-image-preview:large","max-video-preview":"max-video-preview:-1"},"canonical":"https:\/\/www.tash-horseexperience.click\/wordpress\/2014\/03\/ponygeburtstag\/","og_locale":"de_DE","og_type":"article","og_title":"Ponygeburtstag - Tash-Horseexperience","og_description":"*trippeltrappel* &#8222;Shadooooowwwww, ich hab heute \u00a0Geburtstaaaaag!!!&#8220; &#8222;Yeah, gratuliere mein Kleiner!&#8220; *grml* &#8222;Warum bist du denn so grummlig?&#8220; &#8222;Na guck mal raus. Es st\u00fcrmt und regnet.. Wenn man vor die T\u00fcr geht, wird man verblasen. Ich frag mich, was sich der Bauer dabei denkt, unser Heu nach draussen zu legen! Der will uns wohl loswerden. Oder er hofft drauf, dass wir Fl\u00fcgel bekommen und Pegasus spielen.&#8220; &#8222;Woah, Pegasus, das w\u00e4r mal was :D. Dann k\u00f6nnt ich auf eine saftige Wiese fliegen und essen, soviel ich will! Das w\u00fcnsch ich mir zum Geburtstag!&#8220; &#8222;Nene, Zwerg. Bleib du mal sch\u00f6n am Boden. Gerade das jetzt wachsende, frische, junge Gras ist so garnicht recht gesund f\u00fcr dich. Du n\u00e4mlich bist ein leichtfuttriger Pony und wirst von zu viel saftigem Gras krank. Nicht umsonst, sind wir als Einzige auf ner fast graslosen Wiese eingesperrt.&#8220; *Hmpf* &#8222;Aber schau mich doch an: Schlank wie eine Gazelle bin ich! Und ausserdem wachse ich ja wie verr\u00fcckt, da brauch ich dem entsprechend vieeeeel Energie und Futter&#8220; &#8222;\u00d6hm.. Ja. Du w\u00e4chst wie verr\u00fcckt.&#8220; *kicher* &#8222;Trotzdem, zu viel des Guten ist schlecht, insofern besser kein Pegasus, sondern bodenst\u00e4ndiger, schlanker, wie wild wachsender Pony.&#8220; &#8222;Aber warum steht Raudi dann eigentlich bei uns? [&hellip;]","og_url":"https:\/\/www.tash-horseexperience.click\/wordpress\/2014\/03\/ponygeburtstag\/","og_site_name":"Tash-Horseexperience","article_publisher":"https:\/\/www.facebook.com\/TashHorseexperience\/","article_published_time":"2014-03-16T11:31:00+00:00","article_modified_time":"2016-04-09T08:42:04+00:00","og_image":[{"url":"https:\/\/nebeleinhorn.files.wordpress.com\/2014\/03\/e1903-img_29815b15d.jpg"}],"twitter_card":"summary","twitter_creator":"@TashHorse","twitter_site":"@TashHorse","twitter_misc":{"Verfasst von":"Tanja","Gesch\u00e4tzte Lesezeit":"2\u00a0Minuten"},"schema":{"@context":"https:\/\/schema.org","@graph":[{"@type":"WebSite","@id":"https:\/\/www.tash-horseexperience.click\/wordpress\/#website","url":"https:\/\/www.tash-horseexperience.click\/wordpress\/","name":"Tash-Horseexperience","description":"Achtsamer Umgang mit dem Pferd","potentialAction":[{"@type":"SearchAction","target":{"@type":"EntryPoint","urlTemplate":"https:\/\/www.tash-horseexperience.click\/wordpress\/?s={search_term_string}"},"query-input":"required name=search_term_string"}],"inLanguage":"de"},{"@type":"ImageObject","@id":"https:\/\/www.tash-horseexperience.click\/wordpress\/2014\/03\/ponygeburtstag\/#primaryimage","inLanguage":"de","url":"https:\/\/nebeleinhorn.files.wordpress.com\/2014\/03\/e1903-img_29815b15d.jpg","contentUrl":"https:\/\/nebeleinhorn.files.wordpress.com\/2014\/03\/e1903-img_29815b15d.jpg"},{"@type":"WebPage","@id":"https:\/\/www.tash-horseexperience.click\/wordpress\/2014\/03\/ponygeburtstag\/#webpage","url":"https:\/\/www.tash-horseexperience.click\/wordpress\/2014\/03\/ponygeburtstag\/","name":"Ponygeburtstag - Tash-Horseexperience","isPartOf":{"@id":"https:\/\/www.tash-horseexperience.click\/wordpress\/#website"},"primaryImageOfPage":{"@id":"https:\/\/www.tash-horseexperience.click\/wordpress\/2014\/03\/ponygeburtstag\/#primaryimage"},"datePublished":"2014-03-16T11:31:00+00:00","dateModified":"2016-04-09T08:42:04+00:00","author":{"@id":"https:\/\/www.tash-horseexperience.click\/wordpress\/#\/schema\/person\/a26db3f4f7049da0db0b7bef4f477dfa"},"breadcrumb":{"@id":"https:\/\/www.tash-horseexperience.click\/wordpress\/2014\/03\/ponygeburtstag\/#breadcrumb"},"inLanguage":"de","potentialAction":[{"@type":"ReadAction","target":["https:\/\/www.tash-horseexperience.click\/wordpress\/2014\/03\/ponygeburtstag\/"]}]},{"@type":"BreadcrumbList","@id":"https:\/\/www.tash-horseexperience.click\/wordpress\/2014\/03\/ponygeburtstag\/#breadcrumb","itemListElement":[{"@type":"ListItem","position":1,"name":"Startseite","item":"https:\/\/www.tash-horseexperience.click\/wordpress\/"},{"@type":"ListItem","position":2,"name":"Ponygeburtstag"}]},{"@type":"Person","@id":"https:\/\/www.tash-horseexperience.click\/wordpress\/#\/schema\/person\/a26db3f4f7049da0db0b7bef4f477dfa","name":"Tanja","image":{"@type":"ImageObject","@id":"https:\/\/www.tash-horseexperience.click\/wordpress\/#personlogo","inLanguage":"de","url":"https:\/\/secure.gravatar.com\/avatar\/87f17fa40a5ee2ef815eb30e29340391?s=96&d=monsterid&r=g","contentUrl":"https:\/\/secure.gravatar.com\/avatar\/87f17fa40a5ee2ef815eb30e29340391?s=96&d=monsterid&r=g","caption":"Tanja"},"url":"https:\/\/www.tash-horseexperience.click\/wordpress\/author\/tanja\/"}]}},"jetpack_featured_media_url":"","jetpack_publicize_connections":[],"jetpack_sharing_enabled":true,"jetpack_shortlink":"https:\/\/wp.me\/p6BXYn-3x","jetpack-related-posts":[{"id":529,"url":"https:\/\/www.tash-horseexperience.click\/wordpress\/2013\/01\/pony-geburtstag\/","url_meta":{"origin":219,"position":0},"title":"Pony-Geburtstag!","date":"","format":false,"excerpt":"Wuhu, Herr Pony hat heute Geburtstag, Herr Pony hat heute Geburtstag, Herr Pony hat heute Gebuuuuurtstag - und das feiern wir! *sing, tr\u00e4ller, fuchtel*Nein, eigentlich wei\u00df ich Shadows Geburtstag nicht. Aber gerade deswegen habe ich den heutigen Tag, also den 19. J\u00e4nner, ausgew\u00e4hlt. Heute vor f\u00fcnf Jahren n\u00e4mlich, habe ich\u2026","rel":"","context":"In &quot;Pers\u00f6nliches&quot;","img":{"alt_text":"","src":"https:\/\/nebeleinhorn.files.wordpress.com\/2013\/01\/52c03-557b1109.jpg?w=350&h=200&crop=1","width":350,"height":200},"classes":[]},{"id":427,"url":"https:\/\/www.tash-horseexperience.click\/wordpress\/2013\/03\/babypony-feiert-geburtstag\/","url_meta":{"origin":219,"position":1},"title":"Babypony feiert Geburtstag","date":"","format":false,"excerpt":"Wie schnell doch die Zeit vergeht.. kaum geschl\u00fcpft, sind sie auch schon aus dem Haus... (w\u00fcrde wohl eine Mutter sagen) ;)Trotzdem, heute ist ein Feiertag! Spencer hat seinen ersten Geburtstag, wird also heute, am 15. M\u00e4rz 2013 ein Jahr alt! Nat\u00fcrlich gabs zur Feier des Tages ein paar extra Streicheleinheiten.\u2026","rel":"","context":"In &quot;Aktuelle News&quot;","img":{"alt_text":"","src":"https:\/\/nebeleinhorn.files.wordpress.com\/2013\/03\/6fee3-543268_406556319399030_1226661588_n.jpg?w=350&h=200&crop=1","width":350,"height":200},"classes":[]},{"id":406,"url":"https:\/\/www.tash-horseexperience.click\/wordpress\/2013\/04\/have-i-told-you-lately\/","url_meta":{"origin":219,"position":2},"title":"Have I told you lately&#8230;","date":"","format":false,"excerpt":"... that I love you?\u00a0Kitschige Einleitung, ich wei\u00df. Aber habe ich etwas \u00fcber das letzte Jahr mit den Ponys, im Speziellen nat\u00fcrlich \u00fcber Herrn Pony und mich, nachgedacht. Gestern nutzte ich die Gelegenheit des freien Reitplatzes und drehte mit Shadow ein paar Runden darauf. Und jepp, ich im Sattel, er\u2026","rel":"","context":"In &quot;Pers\u00f6nliches&quot;","img":{"alt_text":"","src":"https:\/\/nebeleinhorn.files.wordpress.com\/2013\/04\/9f3e9-img_2311.jpg?w=350&h=200&crop=1","width":350,"height":200},"classes":[]},{"id":1812,"url":"https:\/\/www.tash-horseexperience.click\/wordpress\/2016\/01\/wie-farben-auf-unsere-pferde-wirken-pink\/","url_meta":{"origin":219,"position":3},"title":"Wie Farben auf unsere Pferde wirken &#8211; PINK","date":"","format":false,"excerpt":"Eigentlich sollte die Farbe in der \u00dcberschrift \"Magenta\" heissen. Pink aber ist wohl gel\u00e4ufiger und hat den gleichen Effekt. Inwiefern die Farblichttherapie, auf welche sich dieser Artikel bezieht, auf unsere Pferde wirkt, k\u00f6nnt ihr hier nachlesen. \u00a0 Wissenswertes \u00fcber Pink Das Besondere an Magenta ist, dass es aus mehreren Wellenl\u00e4ngen\u2026","rel":"","context":"In &quot;Energetik&quot;","img":{"alt_text":"Farblichttherapie Pink Magenta","src":"https:\/\/i1.wp.com\/www.tash-horseexperience.click\/wordpress\/wp-content\/uploads\/2016\/01\/IMG_4059.jpg?fit=1200%2C900&ssl=1&resize=350%2C200","width":350,"height":200},"classes":[]},{"id":546,"url":"https:\/\/www.tash-horseexperience.click\/wordpress\/2013\/01\/mal-wieder-etwas-ponyspam\/","url_meta":{"origin":219,"position":4},"title":"Mal wieder etwas Ponyspam?","date":"","format":false,"excerpt":"Hey ihr Lieben!\u00a0Leider war ich die Tage nicht sehr produktiv... hier aber ein kurzes Pony-Update.\u00a0Da das Wetter zur Zeit nicht recht mitspielt - es ist eisig auf den Stra\u00dfen, der Reitplatz ist schlecht benutzbar - werden die Ponys dementsprechend wenig bespa\u00dft. Herrn Ponys Programm beschr\u00e4nkt sich meist auf ein bisschen\u2026","rel":"","context":"In &quot;Clickertraining&quot;","img":{"alt_text":"","src":"","width":0,"height":0},"classes":[]},{"id":222,"url":"https:\/\/www.tash-horseexperience.click\/wordpress\/2014\/03\/geduld-und-verstandnis-fur-das-lebewesen\/","url_meta":{"origin":219,"position":5},"title":"Geduld und Verst\u00e4ndnis f\u00fcr das Lebewesen&#8230;.","date":"","format":false,"excerpt":".... sind zwei Eigenschaften, die nicht (wovon wir immer \u00fcberzeugt sind und uns mit stolz geschwellter Brust im Selbstlob suhlen, weil wir doch ach so nachsichtig sind) wir Menschen dem Pferd, sondern viel mehr die Pferde uns entgegenbringen. Zum Unterschied zu uns aber, wird das von ihnen erwartet, bzw. bemerken\u2026","rel":"","context":"In &quot;Training mit alternativen Ans\u00e4tzen&quot;","img":{"alt_text":"","src":"https:\/\/nebeleinhorn.files.wordpress.com\/2014\/03\/9f0af-1779823_10201337498711604_1444350959_n.jpg?w=350&h=200&crop=1","width":350,"height":200},"classes":[]}],"jetpack_likes_enabled":true,"_links":{"self":[{"href":"https:\/\/www.tash-horseexperience.click\/wordpress\/wp-json\/wp\/v2\/posts\/219"}],"collection":[{"href":"https:\/\/www.tash-horseexperience.click\/wordpress\/wp-json\/wp\/v2\/posts"}],"about":[{"href":"https:\/\/www.tash-horseexperience.click\/wordpress\/wp-json\/wp\/v2\/types\/post"}],"author":[{"embeddable":true,"href":"https:\/\/www.tash-horseexperience.click\/wordpress\/wp-json\/wp\/v2\/users\/3"}],"replies":[{"embeddable":true,"href":"https:\/\/www.tash-horseexperience.click\/wordpress\/wp-json\/wp\/v2\/comments?post=219"}],"version-history":[{"count":1,"href":"https:\/\/www.tash-horseexperience.click\/wordpress\/wp-json\/wp\/v2\/posts\/219\/revisions"}],"predecessor-version":[{"id":2102,"href":"https:\/\/www.tash-horseexperience.click\/wordpress\/wp-json\/wp\/v2\/posts\/219\/revisions\/2102"}],"wp:attachment":[{"href":"https:\/\/www.tash-horseexperience.click\/wordpress\/wp-json\/wp\/v2\/media?parent=219"}],"wp:term":[{"taxonomy":"category","embeddable":true,"href":"https:\/\/www.tash-horseexperience.click\/wordpress\/wp-json\/wp\/v2\/categories?post=219"},{"taxonomy":"post_tag","embeddable":true,"href":"https:\/\/www.tash-horseexperience.click\/wordpress\/wp-json\/wp\/v2\/tags?post=219"}],"curies":[{"name":"wp","href":"https:\/\/api.w.org\/{rel}","templated":true}]}}