{"id":298,"date":"2013-10-02T13:37:00","date_gmt":"2013-10-02T11:37:00","guid":{"rendered":"https:\/\/nebeleinhorn.wordpress.com\/2013\/10\/02\/ein-jahr-der-extreme\/"},"modified":"2017-09-07T08:16:54","modified_gmt":"2017-09-07T06:16:54","slug":"ein-jahr-der-extreme","status":"publish","type":"post","link":"https:\/\/www.tash-horseexperience.click\/wordpress\/2013\/10\/ein-jahr-der-extreme\/","title":{"rendered":"Ein Jahr der Extreme&#8230;"},"content":{"rendered":"<div style=\"text-align:justify;\">Irgendwie wird das Heuer wohl nichts mehr mit durchschnittlichen Werten. Blicken wir auf die letzten neun Monate zur\u00fcck, verlangt uns\u00a0das Wetter doch einiges ab. <\/div>\n<div style=\"text-align:justify;\"><\/div>\n<div style=\"text-align:justify;\">Sei es im Fr\u00fchjahr das Hochwasser\u00a0mit tagelangem Dauerregen, oder die darauffolgende Hitzewelle und Trockenzeit, so k\u00fchlt es jetzt abrupt auf 6 &#8211; 8 \u00b0 C ab und lassen die dicken Regenwolken kaum einen Sonnenstrahl zu uns durch (heute machen die Wolken eine Ausnahme).<\/div>\n<div style=\"text-align:justify;\"><\/div>\n<div style=\"text-align:justify;\">Die Ponybande hat schon kr\u00e4ftig an Fell zugelegt und gerade Herr Pony verf\u00e4llt wohl derzeit in eine Herbstdepression \ud83d\ude09 Wie ihr wisst, vertr\u00e4gt er kalt-nasses Wetter nicht unbedingt gut und ist dementsprechend schlecht gelaunt. Seinem Gangbild beim Spaziergang am Wochenende ist zu entnehmen, dass er vermutlich wiedermal eine Kurve nicht gepackt hat und auf dem Hintern gelandet sein muss. <\/div>\n<div style=\"text-align:justify;\"><a name='more'><\/a><\/div>\n<div style=\"text-align:justify;\">Also sind in den n\u00e4chsten Tagen Massagen angesagt (sehr fein, am matschig kalt-nassen Ponyr\u00fccken rumzufummeln, aber was tut man nicht alles f\u00fcr seine Lieben). <\/div>\n<div style=\"text-align:justify;\"><\/div>\n<div style=\"text-align:justify;\">Klein Spencer allerdings, ganz Shetty-Isl\u00e4nder-Natur, strotzt der K\u00e4lte und N\u00e4sse. Kein Wetter kann schlimm genug sein, um nicht auch noch die letzten Grash\u00e4lmchen zu suchen und auszuzupfen. Gewachsen ist der Kleine immer noch nicht viel. Ich bin tats\u00e4chlich am \u00fcberlegen, eine neue Ponyrasse Namens &#8222;Bonsai-Pony&#8220; eintragen zu lassen :P. Insgesamt aber entwickelt sich Spencer toll, l\u00e4sst sogar ein Top-Kinderpony erahnen. <\/div>\n<div style=\"text-align:justify;\"><\/div>\n<div style=\"text-align:justify;\">Ach, eine traurige Nachricht hab ich noch: Kaiser Franz-Josef wurde abgeholt und wird jetzt auf seine neuen Aufgaben vorbereitet. Der Offenstall-Ponyclub muss also den Verlust eines Mitgliedes verzeichnen. Keine Sorge, das ist nicht weiter schlimm. Die beiden verbleibenden Stamm-Mitglieder bilden ein gutes Team und freuen sich \u00fcber mehr Platz in der trockenen Box ;).<\/div>\n<div style=\"text-align:justify;\"><\/div>\n<div style=\"text-align:justify;\">Die Kinder-Pony Aufgabe des Kaisers hat Spencer jetzt \u00fcbernommen. Klar taugt er noch lange nicht als Reit-Pony, schon aber kann er mit den Kleinen etwas rumspazieren und sich striegeln lassen. Beides l\u00e4sst er sich gerne gefallen, fast wirkt er so, als h\u00e4tte er sogar Freude daran.<\/div>\n<div style=\"text-align:justify;\"><\/div>\n<div style=\"text-align:justify;\">Noch eine kleine Geschichte am Rande:<\/div>\n<div style=\"text-align:justify;\"><\/div>\n<div style=\"text-align:justify;\">Wie ihr ja wisst, ist die Box der beiden Ponys mit S\u00e4gesp\u00e4ne eingestreut. Alle anderen Pferde am Hof aber, wurden schon vor einiger Zeit wieder komplett auf Stroh-Einstreu umgestellt. Da liegt die Idee nahe, diese Umstellung auch bei den Ponys durchzuf\u00fchren. Gesagt &#8211; getan. Also an einem Abend\u00a0einen rieeesen (ja, wirklich riesig) Haufen Stroh in die Box gekippt. <\/div>\n<div style=\"text-align:justify;\"><\/div>\n<div style=\"text-align:justify;\">Am n\u00e4chsten Morgen erreicht mich ein spannendes und nicht minder \u00fcberraschendes Foto:<\/div>\n<p><\/p>\n<div class=\"separator\" style=\"clear:both;text-align:center;\"><a href=\"https:\/\/i1.wp.com\/lh5.googleusercontent.com\/-Fp1Qqlbq_ZI\/UkwDgFns15I\/AAAAAAAACLU\/e0smnYB5fH0\/s640\/blogger-image--901944203.jpg?ssl=1\" style=\"margin-left:1em;margin-right:1em;\"><img loading=\"lazy\" border=\"0\" height=\"225\" src=\"https:\/\/i1.wp.com\/lh5.googleusercontent.com\/-Fp1Qqlbq_ZI\/UkwDgFns15I\/AAAAAAAACLU\/e0smnYB5fH0\/s400\/blogger-image--901944203.jpg?resize=400%2C225&#038;ssl=1\" width=\"400\" data-recalc-dims=\"1\" \/><\/a><\/div>\n<p><\/p>\n<div style=\"text-align:justify;\">Jepp, ihr seht richtig. Kein Fitzelchen vom sch\u00f6nen, weichen Stroh mehr in der Box zu sehen &#8230; Die Ausma\u00dfe von Spencers B\u00e4uchlein k\u00f6nnt ihr euch wohl vorstellen. Ich dachte schon daran, ihm ein B\u00e4ndchen ans Bein zu binden, um zu sehen, ob er davon fliegt, wie ein Luftballon.. \ud83d\ude00<\/div>\n<p>Fazit: Experiment missgl\u00fcckt, die S\u00e4gesp\u00e4ne bleiben. <\/p>\n<p>Hier noch zwei Bildchen von Shadow und Spencer \ud83d\ude42<\/p>\n<div class=\"separator\" style=\"clear:both;text-align:center;\"><a href=\"https:\/\/i2.wp.com\/lh4.googleusercontent.com\/-bPcgHoA6QxI\/UkwDZpW97hI\/AAAAAAAACLE\/qi0GSHEp5d4\/s640\/blogger-image--1142101170.jpg?ssl=1\" style=\"margin-left:1em;margin-right:1em;\"><img loading=\"lazy\" border=\"0\" height=\"305\" src=\"https:\/\/i0.wp.com\/lh4.googleusercontent.com\/-bPcgHoA6QxI\/UkwDZpW97hI\/AAAAAAAACLE\/qi0GSHEp5d4\/s400\/blogger-image--1142101170.jpg?resize=400%2C305&#038;ssl=1\" width=\"400\" data-recalc-dims=\"1\" \/><\/a><\/div>\n<p><\/p>\n<div class=\"separator\" style=\"clear:both;text-align:center;\"><a href=\"https:\/\/i0.wp.com\/lh3.googleusercontent.com\/-ZgcR-ErcXko\/UkwDcz6HDOI\/AAAAAAAACLM\/5CVOtZwjp9g\/s640\/blogger-image-1091388645.jpg?ssl=1\" style=\"margin-left:1em;margin-right:1em;\"><img loading=\"lazy\" border=\"0\" height=\"299\" src=\"https:\/\/i2.wp.com\/lh3.googleusercontent.com\/-ZgcR-ErcXko\/UkwDcz6HDOI\/AAAAAAAACLM\/5CVOtZwjp9g\/s400\/blogger-image-1091388645.jpg?resize=400%2C299&#038;ssl=1\" width=\"400\" data-recalc-dims=\"1\" \/><\/a><\/div>\n<p>Ich hoffe, dass ich in n\u00e4chster Zeit wieder \u00f6fter die Zeit finde, euch von den Ponys zu berichten \ud83d\ude42<\/p>\n<p>Bis dahin, genie\u00dft schon mal den Herbst!<\/p>\n<p>liebe Gr\u00fc\u00dfe,<\/p>\n<p>Tash<\/p>\n<div class=\"sharedaddy sd-sharing-enabled\"><div class=\"robots-nocontent sd-block sd-social sd-social-icon sd-sharing\"><h3 class=\"sd-title\">Teilen mit:<\/h3><div class=\"sd-content\"><ul><li><a href=\"#\" class=\"sharing-anchor sd-button share-more\"><span>Teilen<\/span><\/a><\/li><li class=\"share-end\"><\/li><\/ul><div class=\"sharing-hidden\"><div class=\"inner\" style=\"display: none;\"><ul><li class=\"share-facebook\"><a rel=\"nofollow noopener noreferrer\" data-shared=\"sharing-facebook-298\" class=\"share-facebook sd-button share-icon no-text\" href=\"https:\/\/www.tash-horseexperience.click\/wordpress\/2013\/10\/ein-jahr-der-extreme\/?share=facebook\" target=\"_blank\" title=\"Klick, um auf Facebook zu teilen\"><span><\/span><span class=\"sharing-screen-reader-text\">Klick, um auf Facebook zu teilen (Wird in neuem Fenster ge\u00f6ffnet)<\/span><\/a><\/li><li class=\"share-twitter\"><a rel=\"nofollow noopener noreferrer\" data-shared=\"sharing-twitter-298\" class=\"share-twitter sd-button share-icon no-text\" href=\"https:\/\/www.tash-horseexperience.click\/wordpress\/2013\/10\/ein-jahr-der-extreme\/?share=twitter\" target=\"_blank\" title=\"Klick, um \u00fcber Twitter zu teilen\"><span><\/span><span class=\"sharing-screen-reader-text\">Klick, um \u00fcber Twitter zu teilen (Wird in neuem Fenster ge\u00f6ffnet)<\/span><\/a><\/li><li class=\"share-end\"><\/li><li class=\"share-pinterest\"><a rel=\"nofollow noopener noreferrer\" data-shared=\"sharing-pinterest-298\" class=\"share-pinterest sd-button share-icon no-text\" href=\"https:\/\/www.tash-horseexperience.click\/wordpress\/2013\/10\/ein-jahr-der-extreme\/?share=pinterest\" target=\"_blank\" title=\"Klick, um auf Pinterest zu teilen\"><span><\/span><span class=\"sharing-screen-reader-text\">Klick, um auf Pinterest zu teilen (Wird in neuem Fenster ge\u00f6ffnet)<\/span><\/a><\/li><li class=\"share-end\"><\/li><\/ul><\/div><\/div><\/div><\/div><\/div>","protected":false},"excerpt":{"rendered":"<p>Irgendwie wird das Heuer wohl nichts mehr mit durchschnittlichen Werten. Blicken wir auf die letzten neun Monate zur\u00fcck, verlangt uns\u00a0das Wetter doch einiges ab. Sei es im Fr\u00fchjahr das Hochwasser\u00a0mit tagelangem Dauerregen, oder die darauffolgende Hitzewelle und Trockenzeit, so k\u00fchlt es jetzt abrupt auf 6 &#8211; 8 \u00b0 C ab und lassen die dicken Regenwolken kaum einen Sonnenstrahl zu uns durch (heute machen die Wolken eine Ausnahme). Die Ponybande hat schon kr\u00e4ftig an Fell zugelegt und gerade Herr Pony verf\u00e4llt wohl derzeit in eine Herbstdepression \ud83d\ude09 Wie ihr wisst, vertr\u00e4gt er kalt-nasses Wetter nicht unbedingt gut und ist dementsprechend schlecht gelaunt. Seinem Gangbild beim Spaziergang am Wochenende ist zu entnehmen, dass er vermutlich wiedermal eine Kurve nicht gepackt hat und auf dem Hintern gelandet sein muss. Also sind in den n\u00e4chsten Tagen Massagen angesagt (sehr fein, am matschig kalt-nassen Ponyr\u00fccken rumzufummeln, aber was tut man nicht alles f\u00fcr seine Lieben). Klein Spencer allerdings, ganz Shetty-Isl\u00e4nder-Natur, strotzt der K\u00e4lte und N\u00e4sse. Kein Wetter kann schlimm genug sein, um nicht auch noch die letzten Grash\u00e4lmchen zu suchen und auszuzupfen. Gewachsen ist der Kleine immer noch nicht viel. Ich bin tats\u00e4chlich am \u00fcberlegen, eine neue Ponyrasse Namens &#8222;Bonsai-Pony&#8220; eintragen zu lassen :P. Insgesamt [&hellip;]<\/p>\n<div class=\"sharedaddy sd-sharing-enabled\"><div class=\"robots-nocontent sd-block sd-social sd-social-icon sd-sharing\"><h3 class=\"sd-title\">Teilen mit:<\/h3><div class=\"sd-content\"><ul><li><a href=\"#\" class=\"sharing-anchor sd-button share-more\"><span>Teilen<\/span><\/a><\/li><li class=\"share-end\"><\/li><\/ul><div class=\"sharing-hidden\"><div class=\"inner\" style=\"display: none;\"><ul><li class=\"share-facebook\"><a rel=\"nofollow noopener noreferrer\" data-shared=\"sharing-facebook-298\" class=\"share-facebook sd-button share-icon no-text\" href=\"https:\/\/www.tash-horseexperience.click\/wordpress\/2013\/10\/ein-jahr-der-extreme\/?share=facebook\" target=\"_blank\" title=\"Klick, um auf Facebook zu teilen\"><span><\/span><span class=\"sharing-screen-reader-text\">Klick, um auf Facebook zu teilen (Wird in neuem Fenster ge\u00f6ffnet)<\/span><\/a><\/li><li class=\"share-twitter\"><a rel=\"nofollow noopener noreferrer\" data-shared=\"sharing-twitter-298\" class=\"share-twitter sd-button share-icon no-text\" href=\"https:\/\/www.tash-horseexperience.click\/wordpress\/2013\/10\/ein-jahr-der-extreme\/?share=twitter\" target=\"_blank\" title=\"Klick, um \u00fcber Twitter zu teilen\"><span><\/span><span class=\"sharing-screen-reader-text\">Klick, um \u00fcber Twitter zu teilen (Wird in neuem Fenster ge\u00f6ffnet)<\/span><\/a><\/li><li class=\"share-end\"><\/li><li class=\"share-pinterest\"><a rel=\"nofollow noopener noreferrer\" data-shared=\"sharing-pinterest-298\" class=\"share-pinterest sd-button share-icon no-text\" href=\"https:\/\/www.tash-horseexperience.click\/wordpress\/2013\/10\/ein-jahr-der-extreme\/?share=pinterest\" target=\"_blank\" title=\"Klick, um auf Pinterest zu teilen\"><span><\/span><span class=\"sharing-screen-reader-text\">Klick, um auf Pinterest zu teilen (Wird in neuem Fenster ge\u00f6ffnet)<\/span><\/a><\/li><li class=\"share-end\"><\/li><\/ul><\/div><\/div><\/div><\/div><\/div>","protected":false},"author":3,"featured_media":0,"comment_status":"open","ping_status":"open","sticky":false,"template":"","format":"standard","meta":{"spay_email":"","jetpack_publicize_message":"","jetpack_is_tweetstorm":false},"categories":[12,13],"tags":[],"yoast_head":"<!-- This site is optimized with the Yoast SEO plugin v17.1 - https:\/\/yoast.com\/wordpress\/plugins\/seo\/ -->\n<title>Ein Jahr der Extreme... - Tash-Horseexperience<\/title>\n<meta name=\"robots\" content=\"index, follow, max-snippet:-1, max-image-preview:large, max-video-preview:-1\" \/>\n<link rel=\"canonical\" href=\"https:\/\/www.tash-horseexperience.click\/wordpress\/2013\/10\/ein-jahr-der-extreme\/\" \/>\n<meta property=\"og:locale\" content=\"de_DE\" \/>\n<meta property=\"og:type\" content=\"article\" \/>\n<meta property=\"og:title\" content=\"Ein Jahr der Extreme... - Tash-Horseexperience\" \/>\n<meta property=\"og:description\" content=\"Irgendwie wird das Heuer wohl nichts mehr mit durchschnittlichen Werten. Blicken wir auf die letzten neun Monate zur\u00fcck, verlangt uns\u00a0das Wetter doch einiges ab. Sei es im Fr\u00fchjahr das Hochwasser\u00a0mit tagelangem Dauerregen, oder die darauffolgende Hitzewelle und Trockenzeit, so k\u00fchlt es jetzt abrupt auf 6 &#8211; 8 \u00b0 C ab und lassen die dicken Regenwolken kaum einen Sonnenstrahl zu uns durch (heute machen die Wolken eine Ausnahme). Die Ponybande hat schon kr\u00e4ftig an Fell zugelegt und gerade Herr Pony verf\u00e4llt wohl derzeit in eine Herbstdepression \ud83d\ude09 Wie ihr wisst, vertr\u00e4gt er kalt-nasses Wetter nicht unbedingt gut und ist dementsprechend schlecht gelaunt. Seinem Gangbild beim Spaziergang am Wochenende ist zu entnehmen, dass er vermutlich wiedermal eine Kurve nicht gepackt hat und auf dem Hintern gelandet sein muss. Also sind in den n\u00e4chsten Tagen Massagen angesagt (sehr fein, am matschig kalt-nassen Ponyr\u00fccken rumzufummeln, aber was tut man nicht alles f\u00fcr seine Lieben). Klein Spencer allerdings, ganz Shetty-Isl\u00e4nder-Natur, strotzt der K\u00e4lte und N\u00e4sse. Kein Wetter kann schlimm genug sein, um nicht auch noch die letzten Grash\u00e4lmchen zu suchen und auszuzupfen. Gewachsen ist der Kleine immer noch nicht viel. Ich bin tats\u00e4chlich am \u00fcberlegen, eine neue Ponyrasse Namens &#8222;Bonsai-Pony&#8220; eintragen zu lassen :P. Insgesamt [&hellip;]\" \/>\n<meta property=\"og:url\" content=\"https:\/\/www.tash-horseexperience.click\/wordpress\/2013\/10\/ein-jahr-der-extreme\/\" \/>\n<meta property=\"og:site_name\" content=\"Tash-Horseexperience\" \/>\n<meta property=\"article:publisher\" content=\"https:\/\/www.facebook.com\/TashHorseexperience\/\" \/>\n<meta property=\"article:published_time\" content=\"2013-10-02T11:37:00+00:00\" \/>\n<meta property=\"article:modified_time\" content=\"2017-09-07T06:16:54+00:00\" \/>\n<meta property=\"og:image\" content=\"https:\/\/lh5.googleusercontent.com\/-Fp1Qqlbq_ZI\/UkwDgFns15I\/AAAAAAAACLU\/e0smnYB5fH0\/s400\/blogger-image--901944203.jpg\" \/>\n<meta name=\"twitter:card\" content=\"summary\" \/>\n<meta name=\"twitter:creator\" content=\"@TashHorse\" \/>\n<meta name=\"twitter:site\" content=\"@TashHorse\" \/>\n<meta name=\"twitter:label1\" content=\"Verfasst von\" \/>\n\t<meta name=\"twitter:data1\" content=\"Tanja\" \/>\n\t<meta name=\"twitter:label2\" content=\"Gesch\u00e4tzte Lesezeit\" \/>\n\t<meta name=\"twitter:data2\" content=\"3\u00a0Minuten\" \/>\n<script type=\"application\/ld+json\" class=\"yoast-schema-graph\">{\"@context\":\"https:\/\/schema.org\",\"@graph\":[{\"@type\":\"WebSite\",\"@id\":\"https:\/\/www.tash-horseexperience.click\/wordpress\/#website\",\"url\":\"https:\/\/www.tash-horseexperience.click\/wordpress\/\",\"name\":\"Tash-Horseexperience\",\"description\":\"Achtsamer Umgang mit dem Pferd\",\"potentialAction\":[{\"@type\":\"SearchAction\",\"target\":{\"@type\":\"EntryPoint\",\"urlTemplate\":\"https:\/\/www.tash-horseexperience.click\/wordpress\/?s={search_term_string}\"},\"query-input\":\"required name=search_term_string\"}],\"inLanguage\":\"de\"},{\"@type\":\"ImageObject\",\"@id\":\"https:\/\/www.tash-horseexperience.click\/wordpress\/2013\/10\/ein-jahr-der-extreme\/#primaryimage\",\"inLanguage\":\"de\",\"url\":\"https:\/\/lh5.googleusercontent.com\/-Fp1Qqlbq_ZI\/UkwDgFns15I\/AAAAAAAACLU\/e0smnYB5fH0\/s400\/blogger-image--901944203.jpg\",\"contentUrl\":\"https:\/\/lh5.googleusercontent.com\/-Fp1Qqlbq_ZI\/UkwDgFns15I\/AAAAAAAACLU\/e0smnYB5fH0\/s400\/blogger-image--901944203.jpg\"},{\"@type\":\"WebPage\",\"@id\":\"https:\/\/www.tash-horseexperience.click\/wordpress\/2013\/10\/ein-jahr-der-extreme\/#webpage\",\"url\":\"https:\/\/www.tash-horseexperience.click\/wordpress\/2013\/10\/ein-jahr-der-extreme\/\",\"name\":\"Ein Jahr der Extreme... - Tash-Horseexperience\",\"isPartOf\":{\"@id\":\"https:\/\/www.tash-horseexperience.click\/wordpress\/#website\"},\"primaryImageOfPage\":{\"@id\":\"https:\/\/www.tash-horseexperience.click\/wordpress\/2013\/10\/ein-jahr-der-extreme\/#primaryimage\"},\"datePublished\":\"2013-10-02T11:37:00+00:00\",\"dateModified\":\"2017-09-07T06:16:54+00:00\",\"author\":{\"@id\":\"https:\/\/www.tash-horseexperience.click\/wordpress\/#\/schema\/person\/a26db3f4f7049da0db0b7bef4f477dfa\"},\"breadcrumb\":{\"@id\":\"https:\/\/www.tash-horseexperience.click\/wordpress\/2013\/10\/ein-jahr-der-extreme\/#breadcrumb\"},\"inLanguage\":\"de\",\"potentialAction\":[{\"@type\":\"ReadAction\",\"target\":[\"https:\/\/www.tash-horseexperience.click\/wordpress\/2013\/10\/ein-jahr-der-extreme\/\"]}]},{\"@type\":\"BreadcrumbList\",\"@id\":\"https:\/\/www.tash-horseexperience.click\/wordpress\/2013\/10\/ein-jahr-der-extreme\/#breadcrumb\",\"itemListElement\":[{\"@type\":\"ListItem\",\"position\":1,\"name\":\"Startseite\",\"item\":\"https:\/\/www.tash-horseexperience.click\/wordpress\/\"},{\"@type\":\"ListItem\",\"position\":2,\"name\":\"Ein Jahr der Extreme&#8230;\"}]},{\"@type\":\"Person\",\"@id\":\"https:\/\/www.tash-horseexperience.click\/wordpress\/#\/schema\/person\/a26db3f4f7049da0db0b7bef4f477dfa\",\"name\":\"Tanja\",\"image\":{\"@type\":\"ImageObject\",\"@id\":\"https:\/\/www.tash-horseexperience.click\/wordpress\/#personlogo\",\"inLanguage\":\"de\",\"url\":\"https:\/\/secure.gravatar.com\/avatar\/87f17fa40a5ee2ef815eb30e29340391?s=96&d=monsterid&r=g\",\"contentUrl\":\"https:\/\/secure.gravatar.com\/avatar\/87f17fa40a5ee2ef815eb30e29340391?s=96&d=monsterid&r=g\",\"caption\":\"Tanja\"},\"url\":\"https:\/\/www.tash-horseexperience.click\/wordpress\/author\/tanja\/\"}]}<\/script>\n<!-- \/ Yoast SEO plugin. -->","yoast_head_json":{"title":"Ein Jahr der Extreme... - Tash-Horseexperience","robots":{"index":"index","follow":"follow","max-snippet":"max-snippet:-1","max-image-preview":"max-image-preview:large","max-video-preview":"max-video-preview:-1"},"canonical":"https:\/\/www.tash-horseexperience.click\/wordpress\/2013\/10\/ein-jahr-der-extreme\/","og_locale":"de_DE","og_type":"article","og_title":"Ein Jahr der Extreme... - Tash-Horseexperience","og_description":"Irgendwie wird das Heuer wohl nichts mehr mit durchschnittlichen Werten. Blicken wir auf die letzten neun Monate zur\u00fcck, verlangt uns\u00a0das Wetter doch einiges ab. Sei es im Fr\u00fchjahr das Hochwasser\u00a0mit tagelangem Dauerregen, oder die darauffolgende Hitzewelle und Trockenzeit, so k\u00fchlt es jetzt abrupt auf 6 &#8211; 8 \u00b0 C ab und lassen die dicken Regenwolken kaum einen Sonnenstrahl zu uns durch (heute machen die Wolken eine Ausnahme). Die Ponybande hat schon kr\u00e4ftig an Fell zugelegt und gerade Herr Pony verf\u00e4llt wohl derzeit in eine Herbstdepression \ud83d\ude09 Wie ihr wisst, vertr\u00e4gt er kalt-nasses Wetter nicht unbedingt gut und ist dementsprechend schlecht gelaunt. Seinem Gangbild beim Spaziergang am Wochenende ist zu entnehmen, dass er vermutlich wiedermal eine Kurve nicht gepackt hat und auf dem Hintern gelandet sein muss. Also sind in den n\u00e4chsten Tagen Massagen angesagt (sehr fein, am matschig kalt-nassen Ponyr\u00fccken rumzufummeln, aber was tut man nicht alles f\u00fcr seine Lieben). Klein Spencer allerdings, ganz Shetty-Isl\u00e4nder-Natur, strotzt der K\u00e4lte und N\u00e4sse. Kein Wetter kann schlimm genug sein, um nicht auch noch die letzten Grash\u00e4lmchen zu suchen und auszuzupfen. Gewachsen ist der Kleine immer noch nicht viel. Ich bin tats\u00e4chlich am \u00fcberlegen, eine neue Ponyrasse Namens &#8222;Bonsai-Pony&#8220; eintragen zu lassen :P. Insgesamt [&hellip;]","og_url":"https:\/\/www.tash-horseexperience.click\/wordpress\/2013\/10\/ein-jahr-der-extreme\/","og_site_name":"Tash-Horseexperience","article_publisher":"https:\/\/www.facebook.com\/TashHorseexperience\/","article_published_time":"2013-10-02T11:37:00+00:00","article_modified_time":"2017-09-07T06:16:54+00:00","og_image":[{"url":"https:\/\/lh5.googleusercontent.com\/-Fp1Qqlbq_ZI\/UkwDgFns15I\/AAAAAAAACLU\/e0smnYB5fH0\/s400\/blogger-image--901944203.jpg"}],"twitter_card":"summary","twitter_creator":"@TashHorse","twitter_site":"@TashHorse","twitter_misc":{"Verfasst von":"Tanja","Gesch\u00e4tzte Lesezeit":"3\u00a0Minuten"},"schema":{"@context":"https:\/\/schema.org","@graph":[{"@type":"WebSite","@id":"https:\/\/www.tash-horseexperience.click\/wordpress\/#website","url":"https:\/\/www.tash-horseexperience.click\/wordpress\/","name":"Tash-Horseexperience","description":"Achtsamer Umgang mit dem Pferd","potentialAction":[{"@type":"SearchAction","target":{"@type":"EntryPoint","urlTemplate":"https:\/\/www.tash-horseexperience.click\/wordpress\/?s={search_term_string}"},"query-input":"required name=search_term_string"}],"inLanguage":"de"},{"@type":"ImageObject","@id":"https:\/\/www.tash-horseexperience.click\/wordpress\/2013\/10\/ein-jahr-der-extreme\/#primaryimage","inLanguage":"de","url":"https:\/\/lh5.googleusercontent.com\/-Fp1Qqlbq_ZI\/UkwDgFns15I\/AAAAAAAACLU\/e0smnYB5fH0\/s400\/blogger-image--901944203.jpg","contentUrl":"https:\/\/lh5.googleusercontent.com\/-Fp1Qqlbq_ZI\/UkwDgFns15I\/AAAAAAAACLU\/e0smnYB5fH0\/s400\/blogger-image--901944203.jpg"},{"@type":"WebPage","@id":"https:\/\/www.tash-horseexperience.click\/wordpress\/2013\/10\/ein-jahr-der-extreme\/#webpage","url":"https:\/\/www.tash-horseexperience.click\/wordpress\/2013\/10\/ein-jahr-der-extreme\/","name":"Ein Jahr der Extreme... - Tash-Horseexperience","isPartOf":{"@id":"https:\/\/www.tash-horseexperience.click\/wordpress\/#website"},"primaryImageOfPage":{"@id":"https:\/\/www.tash-horseexperience.click\/wordpress\/2013\/10\/ein-jahr-der-extreme\/#primaryimage"},"datePublished":"2013-10-02T11:37:00+00:00","dateModified":"2017-09-07T06:16:54+00:00","author":{"@id":"https:\/\/www.tash-horseexperience.click\/wordpress\/#\/schema\/person\/a26db3f4f7049da0db0b7bef4f477dfa"},"breadcrumb":{"@id":"https:\/\/www.tash-horseexperience.click\/wordpress\/2013\/10\/ein-jahr-der-extreme\/#breadcrumb"},"inLanguage":"de","potentialAction":[{"@type":"ReadAction","target":["https:\/\/www.tash-horseexperience.click\/wordpress\/2013\/10\/ein-jahr-der-extreme\/"]}]},{"@type":"BreadcrumbList","@id":"https:\/\/www.tash-horseexperience.click\/wordpress\/2013\/10\/ein-jahr-der-extreme\/#breadcrumb","itemListElement":[{"@type":"ListItem","position":1,"name":"Startseite","item":"https:\/\/www.tash-horseexperience.click\/wordpress\/"},{"@type":"ListItem","position":2,"name":"Ein Jahr der Extreme&#8230;"}]},{"@type":"Person","@id":"https:\/\/www.tash-horseexperience.click\/wordpress\/#\/schema\/person\/a26db3f4f7049da0db0b7bef4f477dfa","name":"Tanja","image":{"@type":"ImageObject","@id":"https:\/\/www.tash-horseexperience.click\/wordpress\/#personlogo","inLanguage":"de","url":"https:\/\/secure.gravatar.com\/avatar\/87f17fa40a5ee2ef815eb30e29340391?s=96&d=monsterid&r=g","contentUrl":"https:\/\/secure.gravatar.com\/avatar\/87f17fa40a5ee2ef815eb30e29340391?s=96&d=monsterid&r=g","caption":"Tanja"},"url":"https:\/\/www.tash-horseexperience.click\/wordpress\/author\/tanja\/"}]}},"jetpack_featured_media_url":"","jetpack_publicize_connections":[],"jetpack_sharing_enabled":true,"jetpack_shortlink":"https:\/\/wp.me\/p6BXYn-4O","jetpack-related-posts":[{"id":406,"url":"https:\/\/www.tash-horseexperience.click\/wordpress\/2013\/04\/have-i-told-you-lately\/","url_meta":{"origin":298,"position":0},"title":"Have I told you lately&#8230;","date":"","format":false,"excerpt":"... that I love you?\u00a0Kitschige Einleitung, ich wei\u00df. Aber habe ich etwas \u00fcber das letzte Jahr mit den Ponys, im Speziellen nat\u00fcrlich \u00fcber Herrn Pony und mich, nachgedacht. Gestern nutzte ich die Gelegenheit des freien Reitplatzes und drehte mit Shadow ein paar Runden darauf. Und jepp, ich im Sattel, er\u2026","rel":"","context":"In &quot;Pers\u00f6nliches&quot;","img":{"alt_text":"","src":"https:\/\/nebeleinhorn.files.wordpress.com\/2013\/04\/9f3e9-img_2311.jpg?w=350&h=200&crop=1","width":350,"height":200},"classes":[]},{"id":824,"url":"https:\/\/www.tash-horseexperience.click\/wordpress\/2012\/06\/man-lernt-nie-aus\/","url_meta":{"origin":298,"position":1},"title":"man lernt nie aus&#8230;","date":"","format":false,"excerpt":"Zwar hat mich gerade dieses Jahr schon um einiges Wissen reicher gemacht, dennnoch kann man \u00fcber Pferde, deren Verhalten und den Umgang mit ihnen wohl nie genug erfahren...Zur\u00fcckblickend auf mein bisheriges \"Pferde-Leben\" kann ich sagen, dass ich lange Jahre rein Interesse am Reiten pflegte und mir nur wenige Gedanken um\u2026","rel":"","context":"In &quot;Pers\u00f6nliches&quot;","img":{"alt_text":"","src":"https:\/\/nebeleinhorn.files.wordpress.com\/2012\/06\/44061-img_07515b15d.jpg?w=350&h=200&crop=1","width":350,"height":200},"classes":[]},{"id":1196,"url":"https:\/\/www.tash-horseexperience.click\/wordpress\/2015\/03\/goodbye-my-friend\/","url_meta":{"origin":298,"position":2},"title":"Goodbye my Friend&#8230;","date":"","format":false,"excerpt":"Ich hab lange \u00fcberlegt (wenn man eine Woche lange nennen kann. Derzeit dauern die Tage aber gef\u00fchlt ewig), ob ich euch die Geschehnisse der letzten Tage erz\u00e4hlen soll. Irgendwann aber m\u00fcsste ich sowieso mit der Sprache raus, dann also lieber gleich jetzt. Freitag musste ich l\u00e4nger arbeiten, da noch ein\u2026","rel":"","context":"In &quot;Pers\u00f6nliches&quot;","img":{"alt_text":"","src":"https:\/\/nebeleinhorn.files.wordpress.com\/2015\/03\/df4de-steckbrief2braudy.jpg?w=350&h=200&crop=1","width":350,"height":200},"classes":[]},{"id":219,"url":"https:\/\/www.tash-horseexperience.click\/wordpress\/2014\/03\/ponygeburtstag\/","url_meta":{"origin":298,"position":3},"title":"Ponygeburtstag","date":"","format":false,"excerpt":"*trippeltrappel* \"Shadooooowwwww, ich hab heute \u00a0Geburtstaaaaag!!!\" \"Yeah, gratuliere mein Kleiner!\" *grml* \"Warum bist du denn so grummlig?\" \"Na guck mal raus. Es st\u00fcrmt und regnet.. Wenn man vor die T\u00fcr geht, wird man verblasen. Ich frag mich, was sich der Bauer dabei denkt, unser Heu nach draussen zu legen! Der\u2026","rel":"","context":"In &quot;Pers\u00f6nliches&quot;","img":{"alt_text":"","src":"https:\/\/nebeleinhorn.files.wordpress.com\/2014\/03\/e1903-img_29815b15d.jpg?w=350&h=200&crop=1","width":350,"height":200},"classes":[]},{"id":181,"url":"https:\/\/www.tash-horseexperience.click\/wordpress\/2014\/05\/was-kann-mein-pferd\/","url_meta":{"origin":298,"position":4},"title":"Was kann mein Pferd?","date":"","format":false,"excerpt":"Diese Frage sollten wir uns alle stellen, bevor wir damit loslegen, unsere Tiere auf das von uns Gew\u00fcnschte zu trainieren. Und damit ist nicht die Frage gemeint, was es bereits alles beherrscht! Es gibt nun mal viele verschiedene Pferde mit vielen unterschiedlichen Eigenschaften bzw. Handicaps. Das gilt es zu analysieren\u2026","rel":"","context":"In &quot;Bodenarbeit&quot;","img":{"alt_text":"","src":"https:\/\/nebeleinhorn.files.wordpress.com\/2014\/05\/2455c-img_0781.jpg?w=350&h=200&crop=1","width":350,"height":200},"classes":[]},{"id":427,"url":"https:\/\/www.tash-horseexperience.click\/wordpress\/2013\/03\/babypony-feiert-geburtstag\/","url_meta":{"origin":298,"position":5},"title":"Babypony feiert Geburtstag","date":"","format":false,"excerpt":"Wie schnell doch die Zeit vergeht.. kaum geschl\u00fcpft, sind sie auch schon aus dem Haus... (w\u00fcrde wohl eine Mutter sagen) ;)Trotzdem, heute ist ein Feiertag! Spencer hat seinen ersten Geburtstag, wird also heute, am 15. M\u00e4rz 2013 ein Jahr alt! Nat\u00fcrlich gabs zur Feier des Tages ein paar extra Streicheleinheiten.\u2026","rel":"","context":"In &quot;Aktuelle News&quot;","img":{"alt_text":"","src":"https:\/\/nebeleinhorn.files.wordpress.com\/2013\/03\/6fee3-543268_406556319399030_1226661588_n.jpg?w=350&h=200&crop=1","width":350,"height":200},"classes":[]}],"jetpack_likes_enabled":true,"_links":{"self":[{"href":"https:\/\/www.tash-horseexperience.click\/wordpress\/wp-json\/wp\/v2\/posts\/298"}],"collection":[{"href":"https:\/\/www.tash-horseexperience.click\/wordpress\/wp-json\/wp\/v2\/posts"}],"about":[{"href":"https:\/\/www.tash-horseexperience.click\/wordpress\/wp-json\/wp\/v2\/types\/post"}],"author":[{"embeddable":true,"href":"https:\/\/www.tash-horseexperience.click\/wordpress\/wp-json\/wp\/v2\/users\/3"}],"replies":[{"embeddable":true,"href":"https:\/\/www.tash-horseexperience.click\/wordpress\/wp-json\/wp\/v2\/comments?post=298"}],"version-history":[{"count":3,"href":"https:\/\/www.tash-horseexperience.click\/wordpress\/wp-json\/wp\/v2\/posts\/298\/revisions"}],"predecessor-version":[{"id":2711,"href":"https:\/\/www.tash-horseexperience.click\/wordpress\/wp-json\/wp\/v2\/posts\/298\/revisions\/2711"}],"wp:attachment":[{"href":"https:\/\/www.tash-horseexperience.click\/wordpress\/wp-json\/wp\/v2\/media?parent=298"}],"wp:term":[{"taxonomy":"category","embeddable":true,"href":"https:\/\/www.tash-horseexperience.click\/wordpress\/wp-json\/wp\/v2\/categories?post=298"},{"taxonomy":"post_tag","embeddable":true,"href":"https:\/\/www.tash-horseexperience.click\/wordpress\/wp-json\/wp\/v2\/tags?post=298"}],"curies":[{"name":"wp","href":"https:\/\/api.w.org\/{rel}","templated":true}]}}