{"id":346,"date":"2013-06-18T14:31:00","date_gmt":"2013-06-18T12:31:00","guid":{"rendered":"https:\/\/nebeleinhorn.wordpress.com\/2013\/06\/18\/dann-eben-jetzt-gluhpferdchen\/"},"modified":"2013-06-18T14:31:00","modified_gmt":"2013-06-18T12:31:00","slug":"dann-eben-jetzt-gluhpferdchen","status":"publish","type":"post","link":"https:\/\/www.tash-horseexperience.click\/wordpress\/2013\/06\/dann-eben-jetzt-gluhpferdchen\/","title":{"rendered":"dann eben jetzt Gl\u00fchpferdchen&#8230;"},"content":{"rendered":"<div style=\"text-align:justify;\">Nach der erst k\u00fcrzlich statt findenen Hochwasserkatastrophe, jetzt eben mal ganz anders &#8211; eine Hitzewelle.. warum auch nicht? Immer mal was Neues, langweilig soll es nicht werden!<\/div>\n<div style=\"text-align:justify;\">\u00a0<\/div>\n<div style=\"text-align:justify;\">Was wir Zweibeiner herbeigesehnt haben, macht den Pferdchen allerdings mehr zu schaffen, als die winterliche K\u00e4lte (kaum zu glauben, was?)<\/div>\n<div style=\"text-align:justify;\">\u00a0<\/div>\n<div style=\"text-align:justify;\">Wir bibbern im Winter und freuen uns \u00fcber den Sommer (bis auf ein paar Ausnahmen&#8230; es soll auch Menschen geben, die K\u00e4lte und Schnee bevorzugen, die allerdings m\u00fcssen Pferdegene in sich tragen, denke ich) &#8211; Pferde, wie wir bereits wissen, f\u00fchlen sich bei etwa +8\u00b0C am wohlsten. <\/div>\n<div style=\"text-align:justify;\">\u00a0<\/div>\n<div style=\"text-align:justify;\">Dem entsprechend\u00a0tr\u00e4ge verhalten sie sich bei den derzeitigen Temperaturen von 32\u00b0C\u00a0und mehr. <\/div>\n<div style=\"text-align:justify;\">Die Ponybande zb. verbrigt den meisten Tag in der Box. Spencer liegend &#8211; mitten im\u00a0Streu, Herr Pony am Eingang &#8211; so bekommt er den Luftzug mit und der\u00a0kleine Kaiser dr\u00e4ngt sich in die hintere Ecke. Zus\u00e4tzlich k\u00fchlen sie sich, in dem sie schwitzen. <\/div>\n<div style=\"text-align:justify;\">\u00a0<\/div>\n<div style=\"text-align:justify;\">Ich bin zus\u00e4tzlich darauf bedacht, die Ponys untertags mal mit einer Komplettdusche abzuk\u00fchlen. Heute zb. hab ich meine Mittagspause dazu genutzt. Gestern hat Raudis Marlene den Dusch-Express gemacht. <\/div>\n<div style=\"text-align:justify;\">\u00a0<\/div>\n<div style=\"text-align:justify;\">Wenn ihr euren Lieben was gutes tun wollt, seht zu, dass immer genug Wasser zur Verf\u00fcgung steht. Auch der Salzleckstein darf in dieser Zeit nicht fehlen. Was die Bewegung oder das Training betrifft, solltet ihr dieses auch an die Temperaturen anpassen und die Pferde m\u00f6glichst nicht noch zus\u00e4tzlich \u00fcberhitzen. <\/div>\n<div style=\"text-align:justify;\">\u00a0<\/div>\n<div class=\"separator\" style=\"clear:both;text-align:center;\"><a href=\"https:\/\/nebeleinhorn.files.wordpress.com\/2013\/06\/8c087-foto1.jpg\" style=\"margin-left:1em;margin-right:1em;\"><img loading=\"lazy\" border=\"0\" height=\"300\" src=\"https:\/\/nebeleinhorn.files.wordpress.com\/2013\/06\/8c087-foto1.jpg?w=300&#038;resize=400%2C300\" width=\"400\" data-recalc-dims=\"1\" \/><\/a><\/div>\n<p><\/p>\n<div class=\"separator\" style=\"clear:both;text-align:center;\"><a href=\"https:\/\/nebeleinhorn.files.wordpress.com\/2013\/06\/5f6e7-foto2.jpg\" style=\"margin-left:1em;margin-right:1em;\"><img loading=\"lazy\" border=\"0\" height=\"400\" src=\"https:\/\/nebeleinhorn.files.wordpress.com\/2013\/06\/5f6e7-foto2.jpg?w=300&#038;resize=398%2C400\" width=\"398\" data-recalc-dims=\"1\" \/><\/a><\/div>\n<p><\/p>\n<div class=\"separator\" style=\"clear:both;text-align:center;\"><a href=\"https:\/\/nebeleinhorn.files.wordpress.com\/2013\/06\/b32f2-foto3.jpg\" style=\"margin-left:1em;margin-right:1em;\"><img loading=\"lazy\" border=\"0\" height=\"300\" src=\"https:\/\/nebeleinhorn.files.wordpress.com\/2013\/06\/b32f2-foto3.jpg?w=300&#038;resize=400%2C300\" width=\"400\" data-recalc-dims=\"1\" \/><\/a><\/div>\n<div style=\"text-align:justify;\">\u00a0<\/div>\n<div style=\"text-align:justify;\">\u00a0<\/div>\n<div style=\"text-align:justify;\">Also, ihr Lieben &#8211; ab in die Bikinis und Badehosen &#8211; der n\u00e4chste Winter kommt bestimmt!<\/div>\n<div style=\"text-align:justify;\">\u00a0<\/div>\n<div style=\"text-align:justify;\">Liebe Gr\u00fc\u00dfe,<\/div>\n<div style=\"text-align:justify;\">\u00a0<\/div>\n<div style=\"text-align:justify;\">Tash<\/div>\n<p><\/p>\n<div class=\"sharedaddy sd-sharing-enabled\"><div class=\"robots-nocontent sd-block sd-social sd-social-icon sd-sharing\"><h3 class=\"sd-title\">Teilen mit:<\/h3><div class=\"sd-content\"><ul><li><a href=\"#\" class=\"sharing-anchor sd-button share-more\"><span>Teilen<\/span><\/a><\/li><li class=\"share-end\"><\/li><\/ul><div class=\"sharing-hidden\"><div class=\"inner\" style=\"display: none;\"><ul><li class=\"share-facebook\"><a rel=\"nofollow noopener noreferrer\" data-shared=\"sharing-facebook-346\" class=\"share-facebook sd-button share-icon no-text\" href=\"https:\/\/www.tash-horseexperience.click\/wordpress\/2013\/06\/dann-eben-jetzt-gluhpferdchen\/?share=facebook\" target=\"_blank\" title=\"Klick, um auf Facebook zu teilen\"><span><\/span><span class=\"sharing-screen-reader-text\">Klick, um auf Facebook zu teilen (Wird in neuem Fenster ge\u00f6ffnet)<\/span><\/a><\/li><li class=\"share-twitter\"><a rel=\"nofollow noopener noreferrer\" data-shared=\"sharing-twitter-346\" class=\"share-twitter sd-button share-icon no-text\" href=\"https:\/\/www.tash-horseexperience.click\/wordpress\/2013\/06\/dann-eben-jetzt-gluhpferdchen\/?share=twitter\" target=\"_blank\" title=\"Klick, um \u00fcber Twitter zu teilen\"><span><\/span><span class=\"sharing-screen-reader-text\">Klick, um \u00fcber Twitter zu teilen (Wird in neuem Fenster ge\u00f6ffnet)<\/span><\/a><\/li><li class=\"share-end\"><\/li><li class=\"share-pinterest\"><a rel=\"nofollow noopener noreferrer\" data-shared=\"sharing-pinterest-346\" class=\"share-pinterest sd-button share-icon no-text\" href=\"https:\/\/www.tash-horseexperience.click\/wordpress\/2013\/06\/dann-eben-jetzt-gluhpferdchen\/?share=pinterest\" target=\"_blank\" title=\"Klick, um auf Pinterest zu teilen\"><span><\/span><span class=\"sharing-screen-reader-text\">Klick, um auf Pinterest zu teilen (Wird in neuem Fenster ge\u00f6ffnet)<\/span><\/a><\/li><li class=\"share-end\"><\/li><\/ul><\/div><\/div><\/div><\/div><\/div>","protected":false},"excerpt":{"rendered":"<p>Nach der erst k\u00fcrzlich statt findenen Hochwasserkatastrophe, jetzt eben mal ganz anders &#8211; eine Hitzewelle.. warum auch nicht? Immer mal was Neues, langweilig soll es nicht werden! \u00a0 Was wir Zweibeiner herbeigesehnt haben, macht den Pferdchen allerdings mehr zu schaffen, als die winterliche K\u00e4lte (kaum zu glauben, was?) \u00a0 Wir bibbern im Winter und freuen uns \u00fcber den Sommer (bis auf ein paar Ausnahmen&#8230; es soll auch Menschen geben, die K\u00e4lte und Schnee bevorzugen, die allerdings m\u00fcssen Pferdegene in sich tragen, denke ich) &#8211; Pferde, wie wir bereits wissen, f\u00fchlen sich bei etwa +8\u00b0C am wohlsten. \u00a0 Dem entsprechend\u00a0tr\u00e4ge verhalten sie sich bei den derzeitigen Temperaturen von 32\u00b0C\u00a0und mehr. Die Ponybande zb. verbrigt den meisten Tag in der Box. Spencer liegend &#8211; mitten im\u00a0Streu, Herr Pony am Eingang &#8211; so bekommt er den Luftzug mit und der\u00a0kleine Kaiser dr\u00e4ngt sich in die hintere Ecke. Zus\u00e4tzlich k\u00fchlen sie sich, in dem sie schwitzen. \u00a0 Ich bin zus\u00e4tzlich darauf bedacht, die Ponys untertags mal mit einer Komplettdusche abzuk\u00fchlen. Heute zb. hab ich meine Mittagspause dazu genutzt. Gestern hat Raudis Marlene den Dusch-Express gemacht. \u00a0 Wenn ihr euren Lieben was gutes tun wollt, seht zu, dass immer genug Wasser zur Verf\u00fcgung steht. Auch [&hellip;]<\/p>\n<div class=\"sharedaddy sd-sharing-enabled\"><div class=\"robots-nocontent sd-block sd-social sd-social-icon sd-sharing\"><h3 class=\"sd-title\">Teilen mit:<\/h3><div class=\"sd-content\"><ul><li><a href=\"#\" class=\"sharing-anchor sd-button share-more\"><span>Teilen<\/span><\/a><\/li><li class=\"share-end\"><\/li><\/ul><div class=\"sharing-hidden\"><div class=\"inner\" style=\"display: none;\"><ul><li class=\"share-facebook\"><a rel=\"nofollow noopener noreferrer\" data-shared=\"sharing-facebook-346\" class=\"share-facebook sd-button share-icon no-text\" href=\"https:\/\/www.tash-horseexperience.click\/wordpress\/2013\/06\/dann-eben-jetzt-gluhpferdchen\/?share=facebook\" target=\"_blank\" title=\"Klick, um auf Facebook zu teilen\"><span><\/span><span class=\"sharing-screen-reader-text\">Klick, um auf Facebook zu teilen (Wird in neuem Fenster ge\u00f6ffnet)<\/span><\/a><\/li><li class=\"share-twitter\"><a rel=\"nofollow noopener noreferrer\" data-shared=\"sharing-twitter-346\" class=\"share-twitter sd-button share-icon no-text\" href=\"https:\/\/www.tash-horseexperience.click\/wordpress\/2013\/06\/dann-eben-jetzt-gluhpferdchen\/?share=twitter\" target=\"_blank\" title=\"Klick, um \u00fcber Twitter zu teilen\"><span><\/span><span class=\"sharing-screen-reader-text\">Klick, um \u00fcber Twitter zu teilen (Wird in neuem Fenster ge\u00f6ffnet)<\/span><\/a><\/li><li class=\"share-end\"><\/li><li class=\"share-pinterest\"><a rel=\"nofollow noopener noreferrer\" data-shared=\"sharing-pinterest-346\" class=\"share-pinterest sd-button share-icon no-text\" href=\"https:\/\/www.tash-horseexperience.click\/wordpress\/2013\/06\/dann-eben-jetzt-gluhpferdchen\/?share=pinterest\" target=\"_blank\" title=\"Klick, um auf Pinterest zu teilen\"><span><\/span><span class=\"sharing-screen-reader-text\">Klick, um auf Pinterest zu teilen (Wird in neuem Fenster ge\u00f6ffnet)<\/span><\/a><\/li><li class=\"share-end\"><\/li><\/ul><\/div><\/div><\/div><\/div><\/div>","protected":false},"author":3,"featured_media":0,"comment_status":"open","ping_status":"open","sticky":false,"template":"","format":"standard","meta":{"spay_email":"","jetpack_publicize_message":"","jetpack_is_tweetstorm":false},"categories":[12,13,18],"tags":[],"yoast_head":"<!-- This site is optimized with the Yoast SEO plugin v17.1 - https:\/\/yoast.com\/wordpress\/plugins\/seo\/ -->\n<title>dann eben jetzt Gl\u00fchpferdchen... - Tash-Horseexperience<\/title>\n<meta name=\"robots\" content=\"index, follow, max-snippet:-1, max-image-preview:large, max-video-preview:-1\" \/>\n<link rel=\"canonical\" href=\"https:\/\/www.tash-horseexperience.click\/wordpress\/2013\/06\/dann-eben-jetzt-gluhpferdchen\/\" \/>\n<meta property=\"og:locale\" content=\"de_DE\" \/>\n<meta property=\"og:type\" content=\"article\" \/>\n<meta property=\"og:title\" content=\"dann eben jetzt Gl\u00fchpferdchen... - Tash-Horseexperience\" \/>\n<meta property=\"og:description\" content=\"Nach der erst k\u00fcrzlich statt findenen Hochwasserkatastrophe, jetzt eben mal ganz anders &#8211; eine Hitzewelle.. warum auch nicht? Immer mal was Neues, langweilig soll es nicht werden! \u00a0 Was wir Zweibeiner herbeigesehnt haben, macht den Pferdchen allerdings mehr zu schaffen, als die winterliche K\u00e4lte (kaum zu glauben, was?) \u00a0 Wir bibbern im Winter und freuen uns \u00fcber den Sommer (bis auf ein paar Ausnahmen&#8230; es soll auch Menschen geben, die K\u00e4lte und Schnee bevorzugen, die allerdings m\u00fcssen Pferdegene in sich tragen, denke ich) &#8211; Pferde, wie wir bereits wissen, f\u00fchlen sich bei etwa +8\u00b0C am wohlsten. \u00a0 Dem entsprechend\u00a0tr\u00e4ge verhalten sie sich bei den derzeitigen Temperaturen von 32\u00b0C\u00a0und mehr. Die Ponybande zb. verbrigt den meisten Tag in der Box. Spencer liegend &#8211; mitten im\u00a0Streu, Herr Pony am Eingang &#8211; so bekommt er den Luftzug mit und der\u00a0kleine Kaiser dr\u00e4ngt sich in die hintere Ecke. Zus\u00e4tzlich k\u00fchlen sie sich, in dem sie schwitzen. \u00a0 Ich bin zus\u00e4tzlich darauf bedacht, die Ponys untertags mal mit einer Komplettdusche abzuk\u00fchlen. Heute zb. hab ich meine Mittagspause dazu genutzt. Gestern hat Raudis Marlene den Dusch-Express gemacht. \u00a0 Wenn ihr euren Lieben was gutes tun wollt, seht zu, dass immer genug Wasser zur Verf\u00fcgung steht. Auch [&hellip;]\" \/>\n<meta property=\"og:url\" content=\"https:\/\/www.tash-horseexperience.click\/wordpress\/2013\/06\/dann-eben-jetzt-gluhpferdchen\/\" \/>\n<meta property=\"og:site_name\" content=\"Tash-Horseexperience\" \/>\n<meta property=\"article:publisher\" content=\"https:\/\/www.facebook.com\/TashHorseexperience\/\" \/>\n<meta property=\"article:published_time\" content=\"2013-06-18T12:31:00+00:00\" \/>\n<meta property=\"og:image\" content=\"https:\/\/nebeleinhorn.files.wordpress.com\/2013\/06\/8c087-foto1.jpg?w=300\" \/>\n<meta name=\"twitter:card\" content=\"summary\" \/>\n<meta name=\"twitter:creator\" content=\"@TashHorse\" \/>\n<meta name=\"twitter:site\" content=\"@TashHorse\" \/>\n<meta name=\"twitter:label1\" content=\"Verfasst von\" \/>\n\t<meta name=\"twitter:data1\" content=\"Tanja\" \/>\n\t<meta name=\"twitter:label2\" content=\"Gesch\u00e4tzte Lesezeit\" \/>\n\t<meta name=\"twitter:data2\" content=\"1\u00a0Minute\" \/>\n<script type=\"application\/ld+json\" class=\"yoast-schema-graph\">{\"@context\":\"https:\/\/schema.org\",\"@graph\":[{\"@type\":\"WebSite\",\"@id\":\"https:\/\/www.tash-horseexperience.click\/wordpress\/#website\",\"url\":\"https:\/\/www.tash-horseexperience.click\/wordpress\/\",\"name\":\"Tash-Horseexperience\",\"description\":\"Achtsamer Umgang mit dem Pferd\",\"potentialAction\":[{\"@type\":\"SearchAction\",\"target\":{\"@type\":\"EntryPoint\",\"urlTemplate\":\"https:\/\/www.tash-horseexperience.click\/wordpress\/?s={search_term_string}\"},\"query-input\":\"required name=search_term_string\"}],\"inLanguage\":\"de\"},{\"@type\":\"ImageObject\",\"@id\":\"https:\/\/www.tash-horseexperience.click\/wordpress\/2013\/06\/dann-eben-jetzt-gluhpferdchen\/#primaryimage\",\"inLanguage\":\"de\",\"url\":\"https:\/\/nebeleinhorn.files.wordpress.com\/2013\/06\/8c087-foto1.jpg?w=300\",\"contentUrl\":\"https:\/\/nebeleinhorn.files.wordpress.com\/2013\/06\/8c087-foto1.jpg?w=300\"},{\"@type\":\"WebPage\",\"@id\":\"https:\/\/www.tash-horseexperience.click\/wordpress\/2013\/06\/dann-eben-jetzt-gluhpferdchen\/#webpage\",\"url\":\"https:\/\/www.tash-horseexperience.click\/wordpress\/2013\/06\/dann-eben-jetzt-gluhpferdchen\/\",\"name\":\"dann eben jetzt Gl\\u00fchpferdchen... - Tash-Horseexperience\",\"isPartOf\":{\"@id\":\"https:\/\/www.tash-horseexperience.click\/wordpress\/#website\"},\"primaryImageOfPage\":{\"@id\":\"https:\/\/www.tash-horseexperience.click\/wordpress\/2013\/06\/dann-eben-jetzt-gluhpferdchen\/#primaryimage\"},\"datePublished\":\"2013-06-18T12:31:00+00:00\",\"dateModified\":\"2013-06-18T12:31:00+00:00\",\"author\":{\"@id\":\"https:\/\/www.tash-horseexperience.click\/wordpress\/#\/schema\/person\/a26db3f4f7049da0db0b7bef4f477dfa\"},\"breadcrumb\":{\"@id\":\"https:\/\/www.tash-horseexperience.click\/wordpress\/2013\/06\/dann-eben-jetzt-gluhpferdchen\/#breadcrumb\"},\"inLanguage\":\"de\",\"potentialAction\":[{\"@type\":\"ReadAction\",\"target\":[\"https:\/\/www.tash-horseexperience.click\/wordpress\/2013\/06\/dann-eben-jetzt-gluhpferdchen\/\"]}]},{\"@type\":\"BreadcrumbList\",\"@id\":\"https:\/\/www.tash-horseexperience.click\/wordpress\/2013\/06\/dann-eben-jetzt-gluhpferdchen\/#breadcrumb\",\"itemListElement\":[{\"@type\":\"ListItem\",\"position\":1,\"name\":\"Startseite\",\"item\":\"https:\/\/www.tash-horseexperience.click\/wordpress\/\"},{\"@type\":\"ListItem\",\"position\":2,\"name\":\"dann eben jetzt Gl\\u00fchpferdchen&#8230;\"}]},{\"@type\":\"Person\",\"@id\":\"https:\/\/www.tash-horseexperience.click\/wordpress\/#\/schema\/person\/a26db3f4f7049da0db0b7bef4f477dfa\",\"name\":\"Tanja\",\"image\":{\"@type\":\"ImageObject\",\"@id\":\"https:\/\/www.tash-horseexperience.click\/wordpress\/#personlogo\",\"inLanguage\":\"de\",\"url\":\"https:\/\/secure.gravatar.com\/avatar\/87f17fa40a5ee2ef815eb30e29340391?s=96&d=monsterid&r=g\",\"contentUrl\":\"https:\/\/secure.gravatar.com\/avatar\/87f17fa40a5ee2ef815eb30e29340391?s=96&d=monsterid&r=g\",\"caption\":\"Tanja\"},\"url\":\"https:\/\/www.tash-horseexperience.click\/wordpress\/author\/tanja\/\"}]}<\/script>\n<!-- \/ Yoast SEO plugin. -->","yoast_head_json":{"title":"dann eben jetzt Gl\u00fchpferdchen... - Tash-Horseexperience","robots":{"index":"index","follow":"follow","max-snippet":"max-snippet:-1","max-image-preview":"max-image-preview:large","max-video-preview":"max-video-preview:-1"},"canonical":"https:\/\/www.tash-horseexperience.click\/wordpress\/2013\/06\/dann-eben-jetzt-gluhpferdchen\/","og_locale":"de_DE","og_type":"article","og_title":"dann eben jetzt Gl\u00fchpferdchen... - Tash-Horseexperience","og_description":"Nach der erst k\u00fcrzlich statt findenen Hochwasserkatastrophe, jetzt eben mal ganz anders &#8211; eine Hitzewelle.. warum auch nicht? Immer mal was Neues, langweilig soll es nicht werden! \u00a0 Was wir Zweibeiner herbeigesehnt haben, macht den Pferdchen allerdings mehr zu schaffen, als die winterliche K\u00e4lte (kaum zu glauben, was?) \u00a0 Wir bibbern im Winter und freuen uns \u00fcber den Sommer (bis auf ein paar Ausnahmen&#8230; es soll auch Menschen geben, die K\u00e4lte und Schnee bevorzugen, die allerdings m\u00fcssen Pferdegene in sich tragen, denke ich) &#8211; Pferde, wie wir bereits wissen, f\u00fchlen sich bei etwa +8\u00b0C am wohlsten. \u00a0 Dem entsprechend\u00a0tr\u00e4ge verhalten sie sich bei den derzeitigen Temperaturen von 32\u00b0C\u00a0und mehr. Die Ponybande zb. verbrigt den meisten Tag in der Box. Spencer liegend &#8211; mitten im\u00a0Streu, Herr Pony am Eingang &#8211; so bekommt er den Luftzug mit und der\u00a0kleine Kaiser dr\u00e4ngt sich in die hintere Ecke. Zus\u00e4tzlich k\u00fchlen sie sich, in dem sie schwitzen. \u00a0 Ich bin zus\u00e4tzlich darauf bedacht, die Ponys untertags mal mit einer Komplettdusche abzuk\u00fchlen. Heute zb. hab ich meine Mittagspause dazu genutzt. Gestern hat Raudis Marlene den Dusch-Express gemacht. \u00a0 Wenn ihr euren Lieben was gutes tun wollt, seht zu, dass immer genug Wasser zur Verf\u00fcgung steht. Auch [&hellip;]","og_url":"https:\/\/www.tash-horseexperience.click\/wordpress\/2013\/06\/dann-eben-jetzt-gluhpferdchen\/","og_site_name":"Tash-Horseexperience","article_publisher":"https:\/\/www.facebook.com\/TashHorseexperience\/","article_published_time":"2013-06-18T12:31:00+00:00","og_image":[{"url":"https:\/\/nebeleinhorn.files.wordpress.com\/2013\/06\/8c087-foto1.jpg?w=300"}],"twitter_card":"summary","twitter_creator":"@TashHorse","twitter_site":"@TashHorse","twitter_misc":{"Verfasst von":"Tanja","Gesch\u00e4tzte Lesezeit":"1\u00a0Minute"},"schema":{"@context":"https:\/\/schema.org","@graph":[{"@type":"WebSite","@id":"https:\/\/www.tash-horseexperience.click\/wordpress\/#website","url":"https:\/\/www.tash-horseexperience.click\/wordpress\/","name":"Tash-Horseexperience","description":"Achtsamer Umgang mit dem Pferd","potentialAction":[{"@type":"SearchAction","target":{"@type":"EntryPoint","urlTemplate":"https:\/\/www.tash-horseexperience.click\/wordpress\/?s={search_term_string}"},"query-input":"required name=search_term_string"}],"inLanguage":"de"},{"@type":"ImageObject","@id":"https:\/\/www.tash-horseexperience.click\/wordpress\/2013\/06\/dann-eben-jetzt-gluhpferdchen\/#primaryimage","inLanguage":"de","url":"https:\/\/nebeleinhorn.files.wordpress.com\/2013\/06\/8c087-foto1.jpg?w=300","contentUrl":"https:\/\/nebeleinhorn.files.wordpress.com\/2013\/06\/8c087-foto1.jpg?w=300"},{"@type":"WebPage","@id":"https:\/\/www.tash-horseexperience.click\/wordpress\/2013\/06\/dann-eben-jetzt-gluhpferdchen\/#webpage","url":"https:\/\/www.tash-horseexperience.click\/wordpress\/2013\/06\/dann-eben-jetzt-gluhpferdchen\/","name":"dann eben jetzt Gl\u00fchpferdchen... - Tash-Horseexperience","isPartOf":{"@id":"https:\/\/www.tash-horseexperience.click\/wordpress\/#website"},"primaryImageOfPage":{"@id":"https:\/\/www.tash-horseexperience.click\/wordpress\/2013\/06\/dann-eben-jetzt-gluhpferdchen\/#primaryimage"},"datePublished":"2013-06-18T12:31:00+00:00","dateModified":"2013-06-18T12:31:00+00:00","author":{"@id":"https:\/\/www.tash-horseexperience.click\/wordpress\/#\/schema\/person\/a26db3f4f7049da0db0b7bef4f477dfa"},"breadcrumb":{"@id":"https:\/\/www.tash-horseexperience.click\/wordpress\/2013\/06\/dann-eben-jetzt-gluhpferdchen\/#breadcrumb"},"inLanguage":"de","potentialAction":[{"@type":"ReadAction","target":["https:\/\/www.tash-horseexperience.click\/wordpress\/2013\/06\/dann-eben-jetzt-gluhpferdchen\/"]}]},{"@type":"BreadcrumbList","@id":"https:\/\/www.tash-horseexperience.click\/wordpress\/2013\/06\/dann-eben-jetzt-gluhpferdchen\/#breadcrumb","itemListElement":[{"@type":"ListItem","position":1,"name":"Startseite","item":"https:\/\/www.tash-horseexperience.click\/wordpress\/"},{"@type":"ListItem","position":2,"name":"dann eben jetzt Gl\u00fchpferdchen&#8230;"}]},{"@type":"Person","@id":"https:\/\/www.tash-horseexperience.click\/wordpress\/#\/schema\/person\/a26db3f4f7049da0db0b7bef4f477dfa","name":"Tanja","image":{"@type":"ImageObject","@id":"https:\/\/www.tash-horseexperience.click\/wordpress\/#personlogo","inLanguage":"de","url":"https:\/\/secure.gravatar.com\/avatar\/87f17fa40a5ee2ef815eb30e29340391?s=96&d=monsterid&r=g","contentUrl":"https:\/\/secure.gravatar.com\/avatar\/87f17fa40a5ee2ef815eb30e29340391?s=96&d=monsterid&r=g","caption":"Tanja"},"url":"https:\/\/www.tash-horseexperience.click\/wordpress\/author\/tanja\/"}]}},"jetpack_featured_media_url":"","jetpack_publicize_connections":[],"jetpack_sharing_enabled":true,"jetpack_shortlink":"https:\/\/wp.me\/p6BXYn-5A","jetpack-related-posts":[{"id":911,"url":"https:\/\/www.tash-horseexperience.click\/wordpress\/2012\/02\/friert-mein-pferd-im-winter\/","url_meta":{"origin":346,"position":0},"title":"Friert mein Pferd im Winter?","date":"","format":false,"excerpt":"Der Frost treibt die Menschen ins Warme. Umso erstaunter sind manche Menschen, wenn sie sehen, dass bei uns die Pferde auch jetzt noch Tag und Nacht im Freien gehalten werden. Und das ohne Decke! :O\u00a0 ;) Der Mensch neigt dazu, dass er glaubt, dass das, was ihm angenehm ist auch\u2026","rel":"","context":"In &quot;Partner Pferd&quot;","img":{"alt_text":"","src":"https:\/\/nebeleinhorn.files.wordpress.com\/2012\/02\/2c92a-bild0062.jpg?w=350&h=200&crop=1","width":350,"height":200},"classes":[]},{"id":2320,"url":"https:\/\/www.tash-horseexperience.click\/wordpress\/2018\/10\/pferde-im-herbst-so-kommt-dein-pferd-fit-in-den-winter\/","url_meta":{"origin":346,"position":1},"title":"Pferde im Herbst &#8211; So kommt dein Pferd fit in den Winter!","date":"","format":false,"excerpt":"Nicht nur, dass die N\u00e4chte wieder l\u00e4nger werden, mit den N\u00e4chten w\u00e4chst auch das Fell unserer Pferde im Herbst wieder zum dicken Winter-Flauschemantel heran. Es wird langsam k\u00fchler, das Weidegras schr\u00e4nkt sein Wachstum ein. Das Angebot an Kr\u00e4utern und Gr\u00e4sern sinkt, dabei wird sowohl das Immunsystem als auch der Stoffwechsel\u2026","rel":"","context":"In &quot;F\u00fctterung&quot;","img":{"alt_text":"","src":"https:\/\/i2.wp.com\/www.tash-horseexperience.click\/wordpress\/wp-content\/uploads\/2016\/10\/Herbstpferde2.png?fit=1200%2C806&ssl=1&resize=350%2C200","width":350,"height":200},"classes":[]},{"id":2496,"url":"https:\/\/www.tash-horseexperience.click\/wordpress\/2017\/06\/kapuzinerkresse-fuers-immunsystem-kraeuter-fuer-pferde\/","url_meta":{"origin":346,"position":2},"title":"Kapuzinerkresse f\u00fcrs Immunsystem &#8211; Kr\u00e4uter f\u00fcr Pferde","date":"","format":false,"excerpt":"Die Kapuzinerkresse ist nicht nur eine wundersch\u00f6ne Pflanze, sie hat auch als Heilkraut einiges zu bieten. Hierzulande sind ihre positiven Eigenschaften nicht sehr bekannt, ich habe sie in diesem Jahr zum ersten Mal im Pflanzensortiment der H\u00e4ndler entdeckt (vielleicht war ich aber auch einfach zu wenig an ihr interessiert und\u2026","rel":"","context":"In &quot;F\u00fctterung&quot;","img":{"alt_text":"","src":"https:\/\/i2.wp.com\/www.tash-horseexperience.click\/wordpress\/wp-content\/uploads\/2017\/06\/Kapuzinerkresse-fuer-pferde.png?fit=838%2C544&ssl=1&resize=350%2C200","width":350,"height":200},"classes":[]},{"id":2290,"url":"https:\/\/www.tash-horseexperience.click\/wordpress\/2016\/09\/pferdeleckerlies\/","url_meta":{"origin":346,"position":3},"title":"10 g Pferdeleckerlies, bitte! Darf&#8217;s ein Bisschen mehr sein?","date":"","format":false,"excerpt":"Setzt du auch Leckerchen beim Training mit deinen Pferden ein? Ich tue es und ich gebe zu, ich liebe es, meine Pferde angemessen zu belohnen. Wenn du wissen m\u00f6chtest, wie das richtige Loben funktioniert, habe ich das hier f\u00fcr dich schon mal aufgeschrieben. Gerade im Clickertraining loben wir viel mit\u2026","rel":"","context":"In &quot;Clickertraining&quot;","img":{"alt_text":"Gesunde Pferdeleckerlies","src":"https:\/\/i0.wp.com\/www.tash-horseexperience.click\/wordpress\/wp-content\/uploads\/2016\/09\/Pferdeleckerlies-1.jpg?fit=1200%2C750&ssl=1&resize=350%2C200","width":350,"height":200},"classes":[]},{"id":2130,"url":"https:\/\/www.tash-horseexperience.click\/wordpress\/2016\/04\/2130\/","url_meta":{"origin":346,"position":4},"title":"Tagesseminar &#8211; Pferde gesund trainieren in der kalten Jahreszeit","date":"","format":false,"excerpt":"Es kommt die Zeit, da\u00a0neigt sich das Jahr in Richtung Herbst und Winter. Wenn du dich und dein Pferd optimal umstellen willst, dich auf Wetterbedingt ge\u00e4nderte Trainingsvoraussetzungen einstellen m\u00f6chtest, ist unser Tagesseminar - Pferde gesund trainieren in der kalten Jahreszeit\u00a0genau richtig f\u00fcr dich! \u00a0 Die Vortragenden: Tanja von Tash-Horseexperience und\u2026","rel":"","context":"In &quot;Allgemein&quot;","img":{"alt_text":"","src":"","width":0,"height":0},"classes":[]},{"id":1208,"url":"https:\/\/www.tash-horseexperience.click\/wordpress\/2015\/06\/warum-lob-zum-richtigen-zeitpunkt-so-wichtig-ist\/","url_meta":{"origin":346,"position":5},"title":"Warum Lob zum richtigen Zeitpunkt so wichtig ist!","date":"","format":false,"excerpt":"Wenn ich auch nicht alles gut hei\u00dfe, was im Clickertraining vor sich geht, habe ich doch ein ganz wichtiges Element dadurch gelernt. Das richtige Lob zur richtigen Zeit. Viele Pferdemenschen loben ihr Tier zwar, aber oftmals zum falschen Zeitpunkt. Gerade, wenn das Pferd etwas Neues lernen soll, sind ein guter\u2026","rel":"","context":"In &quot;Bodenarbeit&quot;","img":{"alt_text":"Lob Pferdetraining","src":"https:\/\/i1.wp.com\/www.tash-horseexperience.click\/wordpress\/wp-content\/uploads\/2015\/08\/ULLI4039.jpg?fit=600%2C398&ssl=1&resize=350%2C200","width":350,"height":200},"classes":[]}],"jetpack_likes_enabled":true,"_links":{"self":[{"href":"https:\/\/www.tash-horseexperience.click\/wordpress\/wp-json\/wp\/v2\/posts\/346"}],"collection":[{"href":"https:\/\/www.tash-horseexperience.click\/wordpress\/wp-json\/wp\/v2\/posts"}],"about":[{"href":"https:\/\/www.tash-horseexperience.click\/wordpress\/wp-json\/wp\/v2\/types\/post"}],"author":[{"embeddable":true,"href":"https:\/\/www.tash-horseexperience.click\/wordpress\/wp-json\/wp\/v2\/users\/3"}],"replies":[{"embeddable":true,"href":"https:\/\/www.tash-horseexperience.click\/wordpress\/wp-json\/wp\/v2\/comments?post=346"}],"version-history":[{"count":0,"href":"https:\/\/www.tash-horseexperience.click\/wordpress\/wp-json\/wp\/v2\/posts\/346\/revisions"}],"wp:attachment":[{"href":"https:\/\/www.tash-horseexperience.click\/wordpress\/wp-json\/wp\/v2\/media?parent=346"}],"wp:term":[{"taxonomy":"category","embeddable":true,"href":"https:\/\/www.tash-horseexperience.click\/wordpress\/wp-json\/wp\/v2\/categories?post=346"},{"taxonomy":"post_tag","embeddable":true,"href":"https:\/\/www.tash-horseexperience.click\/wordpress\/wp-json\/wp\/v2\/tags?post=346"}],"curies":[{"name":"wp","href":"https:\/\/api.w.org\/{rel}","templated":true}]}}