{"id":435,"date":"2013-03-05T21:11:00","date_gmt":"2013-03-05T19:11:00","guid":{"rendered":"https:\/\/nebeleinhorn.wordpress.com\/2013\/03\/05\/der-pferdemarkt-in-polen-skaryszew\/"},"modified":"2013-03-05T21:11:00","modified_gmt":"2013-03-05T19:11:00","slug":"der-pferdemarkt-in-polen-skaryszew","status":"publish","type":"post","link":"https:\/\/www.tash-horseexperience.click\/wordpress\/2013\/03\/der-pferdemarkt-in-polen-skaryszew\/","title":{"rendered":"Der Pferdemarkt in Polen \/ Skaryszew"},"content":{"rendered":"<div style=\"text-align:justify;\">Der Hype um den Pferdemarkt in Polen nimmt zu. Ich hatte schon vor einigen Wochen vor, hier dar\u00fcber zu schreiben. Jedoch konnte ich damals nicht genug interessante Infos sammeln und wollte nicht einen weiteren Artikel mit den selben kargen Inhalten, wie s\u00e4mtliche Gefundene, schreiben.<\/div>\n<div style=\"text-align:justify;\">\u00a0<\/div>\n<div style=\"text-align:justify;\">Nun ist der Pferdemarkt in Polen, genauer in Skaryszew (nahe Radom) vor\u00fcber und die Informationen dar\u00fcber werden deutlich ansprechender. Jedoch h\u00e4ufen sich auch Petitions und Aufrufe, sowie Proteste, welche die Schlie\u00dfung des j\u00e4hrlich stattfindenden Marktes fordern.<\/div>\n<div style=\"text-align:justify;\">\u00a0<\/div>\n<div style=\"text-align:justify;\">Aber von Vorne:<\/div>\n<div style=\"text-align:justify;\">\u00a0<\/div>\n<div style=\"text-align:justify;\">K\u00f6nig Wladyslaw Jagiello erteilte im Jahr 1433 dem 4.000 Seelen-Dorf Skaryszew das Privileg, einmal im Jahr einen Pferdeverkaufsmarkt abhalten zu d\u00fcrfen. Zu Beginn der Fastenzeit kommen seither bis zu 10.000 Pferdeh\u00e4ndler angereist und bieten ihre Tiere an. Fr\u00fcher, als in Polen noch bis zu zwei Millionen Arbeitspferde in der Landwirtschaft gearbeitet haben, wurden auf diesem Markt binnen zwei Tagen bis zu 5.000 Kaltblutpferde verkauft. Heutzutage sind diese durch Traktoren ersetzt, die Arbeitstiere den Freizeitpferden gewichen. Immer noch aber wechseln zwischen 300 und 500 Freizeit-, Schlacht- und Therapie-Pferde den Besitzer. <\/div>\n<div style=\"text-align:justify;\">\u00a0<\/div>\n<div style=\"text-align:justify;\">Dabei reisen die H\u00e4ndler sowohl aus Polen, der Slowakei und Deutschland, als auch aus \u00d6sterreich und Italien an. Laut taz.de produziert Polen etwa 60.000 Schlachtpferde j\u00e4hrlich, welche meist als Kotelett oder Cabanossi auf den Tellern franz\u00f6sischer und italienischer Feinschmecker landen. <\/div>\n<div style=\"text-align:justify;\">\u00a0<\/div>\n<div style=\"text-align:justify;\">Videos, welche im Internet ver\u00f6ffentlicht und verbreitet wurden und werden, zeigen ein g\u00e4nzlich nicht idyllisches und absolut unfreundliches Gesicht des Skaryszewer Pferdemarktes. Man sieht misshandelte Tiere, Pferde, welche auf H\u00e4nger gepr\u00fcgelt werden, Pferde mit Stricken durchs Maul,&#8230; <\/div>\n<div style=\"text-align:justify;\">Elende Bilder, welche jeden Tierfreund aufhorchen lassen. <\/div>\n<div style=\"text-align:justify;\">\u00a0<\/div>\n<div style=\"text-align:justify;\">Hier eines der Videos aus dem Jahr 2011:<\/div>\n<div style=\"text-align:justify;\">\u00a0<\/div>\n<div class=\"separator\" style=\"clear:both;text-align:center;\"><\/div>\n<div style=\"text-align:justify;\">\u00a0<\/div>\n<div style=\"text-align:justify;\">\u00a0<\/div>\n<div style=\"text-align:justify;\">Tierschutzorganisationen rufen zu Protesten auf und starten Petitionen, welche verlangen, den Pferdemarkt abzuschaffen. <a href=\"https:\/\/www.change.org\/de\/Petitionen\/stoppt-den-grausamen-pferdemarkt-stop-gruelty-horse-market-in-skaryszew-polen\">Hier<\/a> zu finden. Jedoch ist genau das (meiner Meinung nach) der falsche Weg, die Missst\u00e4nde auf Pferdem\u00e4rkten anzugreifen. Viel wichtiger ist es doch, dass genau dieser Markt gesittet und kontrolliert abl\u00e4uft. Dann doch lieber f\u00fcr Tierarztstationen, Kontrolleure und Wasserstellen einsetzen, oder nicht?<\/div>\n<div style=\"text-align:justify;\">\u00a0<\/div>\n<div style=\"text-align:justify;\">Was denkt ihr, wird passieren, wenn der Markt geschlossen wird? Ich kanns euch sagen. Dann n\u00e4mlich werden die Pferde unter der Hand, irgendwo im Nirgendwo, ohne jegliche Kontrolle verschachert. In irgendwelchen Hinterh\u00f6fen, wo dann niemand steht und tragische Videos aufnimmt. <\/div>\n<div style=\"text-align:justify;\">\u00a0<\/div>\n<div style=\"text-align:justify;\">So ist es sch\u00f6n zu sehen, dass sich die Regierung Polens durch die Proteste nicht unterkriegen l\u00e4sst, finde ich. Rafal Karolak von der Gemeindeverwaltung Skaryszew &#8222;Wir haben kein Interesse daran, ass Tierqu\u00e4ler den guten Ruf von Skaryszew zerst\u00f6ren. Wir sind auf die Tiersch\u00fctzer zugegangen, aber die sind ganz auf Krieg eingestellt.&#8220; <\/div>\n<div style=\"text-align:justify;\">\u00a0<\/div>\n<div style=\"text-align:justify;\">Umso mehr freut mich folgende Ver\u00e4nderung: Heuer wurde der Markt von vier Kontrollpunkten, Tier\u00e4rzten und Polizisten gesichert. Ein Flugblatt mit der Aufforderung an die Marktbesucher &#8222;Sag nein, wenn du siehst, dass ein Tier misshandelt wird.&#8220; wird verteilt. Auch eine Wasserstelle f\u00fcr die Tiere steht zur Verf\u00fcgung.<\/div>\n<div style=\"text-align:justify;\">\u00a0<\/div>\n<div style=\"text-align:justify;\">Hier habe ich noch ein absolut nichtssagendes Video von akte 20.13 entdeckt. Dieses scheint fast so, als m\u00f6chte man den unwissenden tierlieben Nichtbesucher des Pferdemarktes die polnischen Standards (welche sich nat\u00fcrlich von unseren unterscheiden) als Tierqu\u00e4lerei verkaufen. Klar stehen die Pferde nicht auf h\u00fcbschein eingez\u00e4unten Koppelchen. Dennnoch kann ich keine leidenden Pferde (bis auf das eine am Boden liegende, welches aber ein gravierendes Problem zu haben scheint und viele Menschen sich darum zu k\u00fcmmern scheinen) erkennen. <\/div>\n<div style=\"text-align:justify;\">\u00a0<\/div>\n<div class=\"separator\" style=\"clear:both;text-align:center;\"><\/div>\n<div class=\"separator\" style=\"clear:both;text-align:center;\">\u00a0<\/div>\n<div class=\"separator\" style=\"clear:both;text-align:left;\">\u00a0<\/div>\n<div class=\"separator\" style=\"clear:both;text-align:justify;\">Auch kann die Aussage nicht stimmen, dass sich kein Tierarzt am Areal befindet, da andere Teilnehmer sehrwohl von derartiger Anwesenheit berichten. <\/div>\n<div class=\"separator\" style=\"clear:both;text-align:justify;\">\u00a0<\/div>\n<div class=\"separator\" style=\"clear:both;text-align:justify;\">\u00a0<\/div>\n<div class=\"separator\" style=\"clear:both;text-align:justify;\">Falls jetzt der Eindruck entsteht, ich w\u00e4re positiv zu solchen M\u00e4rkten eingestellt, ist das nat\u00fcrlich nicht richtig. Jedoch bin ich Realist genug, um sehrwohl zu erkennen, wie was wo ge\u00e4ndert werden muss oder soll. Irgendwann werde ich wohl selbst einen solchen Markt besuchen und mir mein eigenes Bild davon machen. Bis dahin allerdings werde ich weiterhin kritisch hinterfragen und nicht sofort auf das Geschrei einer Seite einsteigen, ohne so viele Hintergr\u00fcnde wie nur m\u00f6glich in Erfahrung zu bringen. <\/div>\n<div class=\"separator\" style=\"clear:both;text-align:justify;\">\u00a0<\/div>\n<div class=\"separator\" style=\"clear:both;text-align:justify;\">So war auch ich eine der Wenigen, die erkennen konnte, dass Adel Abdessemed ein Video in Frankreich zeigte und nicht, wie im Internet verbreitet wurde, plante, Tiere zu erschlagen.<\/div>\n<div class=\"separator\" style=\"clear:both;text-align:justify;\">\u00a0<\/div>\n<div class=\"separator\" style=\"clear:both;text-align:justify;\">\u00a0<\/div>\n<div class=\"separator\" style=\"clear:both;text-align:justify;\">Genug geprabbelt. Ich bin auf eure Meinungen gespannt. <\/div>\n<div class=\"separator\" style=\"clear:both;text-align:justify;\">\u00a0<\/div>\n<div class=\"separator\" style=\"clear:both;text-align:justify;\">Liebe Gr\u00fc\u00dfe, <\/div>\n<div class=\"separator\" style=\"clear:both;text-align:justify;\">Tash\ufeff<\/div>\n<div style=\"text-align:justify;\">\u00a0<\/div>\n<div class=\"sharedaddy sd-sharing-enabled\"><div class=\"robots-nocontent sd-block sd-social sd-social-icon sd-sharing\"><h3 class=\"sd-title\">Teilen mit:<\/h3><div class=\"sd-content\"><ul><li><a href=\"#\" class=\"sharing-anchor sd-button share-more\"><span>Teilen<\/span><\/a><\/li><li class=\"share-end\"><\/li><\/ul><div class=\"sharing-hidden\"><div class=\"inner\" style=\"display: none;\"><ul><li class=\"share-facebook\"><a rel=\"nofollow noopener noreferrer\" data-shared=\"sharing-facebook-435\" class=\"share-facebook sd-button share-icon no-text\" href=\"https:\/\/www.tash-horseexperience.click\/wordpress\/2013\/03\/der-pferdemarkt-in-polen-skaryszew\/?share=facebook\" target=\"_blank\" title=\"Klick, um auf Facebook zu teilen\"><span><\/span><span class=\"sharing-screen-reader-text\">Klick, um auf Facebook zu teilen (Wird in neuem Fenster ge\u00f6ffnet)<\/span><\/a><\/li><li class=\"share-twitter\"><a rel=\"nofollow noopener noreferrer\" data-shared=\"sharing-twitter-435\" class=\"share-twitter sd-button share-icon no-text\" href=\"https:\/\/www.tash-horseexperience.click\/wordpress\/2013\/03\/der-pferdemarkt-in-polen-skaryszew\/?share=twitter\" target=\"_blank\" title=\"Klick, um \u00fcber Twitter zu teilen\"><span><\/span><span class=\"sharing-screen-reader-text\">Klick, um \u00fcber Twitter zu teilen (Wird in neuem Fenster ge\u00f6ffnet)<\/span><\/a><\/li><li class=\"share-end\"><\/li><li class=\"share-pinterest\"><a rel=\"nofollow noopener noreferrer\" data-shared=\"sharing-pinterest-435\" class=\"share-pinterest sd-button share-icon no-text\" href=\"https:\/\/www.tash-horseexperience.click\/wordpress\/2013\/03\/der-pferdemarkt-in-polen-skaryszew\/?share=pinterest\" target=\"_blank\" title=\"Klick, um auf Pinterest zu teilen\"><span><\/span><span class=\"sharing-screen-reader-text\">Klick, um auf Pinterest zu teilen (Wird in neuem Fenster ge\u00f6ffnet)<\/span><\/a><\/li><li class=\"share-end\"><\/li><\/ul><\/div><\/div><\/div><\/div><\/div>","protected":false},"excerpt":{"rendered":"<p>Der Hype um den Pferdemarkt in Polen nimmt zu. Ich hatte schon vor einigen Wochen vor, hier dar\u00fcber zu schreiben. Jedoch konnte ich damals nicht genug interessante Infos sammeln und wollte nicht einen weiteren Artikel mit den selben kargen Inhalten, wie s\u00e4mtliche Gefundene, schreiben. \u00a0 Nun ist der Pferdemarkt in Polen, genauer in Skaryszew (nahe Radom) vor\u00fcber und die Informationen dar\u00fcber werden deutlich ansprechender. Jedoch h\u00e4ufen sich auch Petitions und Aufrufe, sowie Proteste, welche die Schlie\u00dfung des j\u00e4hrlich stattfindenden Marktes fordern. \u00a0 Aber von Vorne: \u00a0 K\u00f6nig Wladyslaw Jagiello erteilte im Jahr 1433 dem 4.000 Seelen-Dorf Skaryszew das Privileg, einmal im Jahr einen Pferdeverkaufsmarkt abhalten zu d\u00fcrfen. Zu Beginn der Fastenzeit kommen seither bis zu 10.000 Pferdeh\u00e4ndler angereist und bieten ihre Tiere an. Fr\u00fcher, als in Polen noch bis zu zwei Millionen Arbeitspferde in der Landwirtschaft gearbeitet haben, wurden auf diesem Markt binnen zwei Tagen bis zu 5.000 Kaltblutpferde verkauft. Heutzutage sind diese durch Traktoren ersetzt, die Arbeitstiere den Freizeitpferden gewichen. Immer noch aber wechseln zwischen 300 und 500 Freizeit-, Schlacht- und Therapie-Pferde den Besitzer. \u00a0 Dabei reisen die H\u00e4ndler sowohl aus Polen, der Slowakei und Deutschland, als auch aus \u00d6sterreich und Italien an. Laut taz.de produziert Polen etwa 60.000 [&hellip;]<\/p>\n<div class=\"sharedaddy sd-sharing-enabled\"><div class=\"robots-nocontent sd-block sd-social sd-social-icon sd-sharing\"><h3 class=\"sd-title\">Teilen mit:<\/h3><div class=\"sd-content\"><ul><li><a href=\"#\" class=\"sharing-anchor sd-button share-more\"><span>Teilen<\/span><\/a><\/li><li class=\"share-end\"><\/li><\/ul><div class=\"sharing-hidden\"><div class=\"inner\" style=\"display: none;\"><ul><li class=\"share-facebook\"><a rel=\"nofollow noopener noreferrer\" data-shared=\"sharing-facebook-435\" class=\"share-facebook sd-button share-icon no-text\" href=\"https:\/\/www.tash-horseexperience.click\/wordpress\/2013\/03\/der-pferdemarkt-in-polen-skaryszew\/?share=facebook\" target=\"_blank\" title=\"Klick, um auf Facebook zu teilen\"><span><\/span><span class=\"sharing-screen-reader-text\">Klick, um auf Facebook zu teilen (Wird in neuem Fenster ge\u00f6ffnet)<\/span><\/a><\/li><li class=\"share-twitter\"><a rel=\"nofollow noopener noreferrer\" data-shared=\"sharing-twitter-435\" class=\"share-twitter sd-button share-icon no-text\" href=\"https:\/\/www.tash-horseexperience.click\/wordpress\/2013\/03\/der-pferdemarkt-in-polen-skaryszew\/?share=twitter\" target=\"_blank\" title=\"Klick, um \u00fcber Twitter zu teilen\"><span><\/span><span class=\"sharing-screen-reader-text\">Klick, um \u00fcber Twitter zu teilen (Wird in neuem Fenster ge\u00f6ffnet)<\/span><\/a><\/li><li class=\"share-end\"><\/li><li class=\"share-pinterest\"><a rel=\"nofollow noopener noreferrer\" data-shared=\"sharing-pinterest-435\" class=\"share-pinterest sd-button share-icon no-text\" href=\"https:\/\/www.tash-horseexperience.click\/wordpress\/2013\/03\/der-pferdemarkt-in-polen-skaryszew\/?share=pinterest\" target=\"_blank\" title=\"Klick, um auf Pinterest zu teilen\"><span><\/span><span class=\"sharing-screen-reader-text\">Klick, um auf Pinterest zu teilen (Wird in neuem Fenster ge\u00f6ffnet)<\/span><\/a><\/li><li class=\"share-end\"><\/li><\/ul><\/div><\/div><\/div><\/div><\/div>","protected":false},"author":3,"featured_media":0,"comment_status":"open","ping_status":"open","sticky":false,"template":"","format":"standard","meta":{"spay_email":"","jetpack_publicize_message":"","jetpack_is_tweetstorm":false},"categories":[4],"tags":[],"yoast_head":"<!-- This site is optimized with the Yoast SEO plugin v17.1 - https:\/\/yoast.com\/wordpress\/plugins\/seo\/ -->\n<title>Der Pferdemarkt in Polen \/ Skaryszew - Tash-Horseexperience<\/title>\n<meta name=\"robots\" content=\"index, follow, max-snippet:-1, max-image-preview:large, max-video-preview:-1\" \/>\n<link rel=\"canonical\" href=\"https:\/\/www.tash-horseexperience.click\/wordpress\/2013\/03\/der-pferdemarkt-in-polen-skaryszew\/\" \/>\n<meta property=\"og:locale\" content=\"de_DE\" \/>\n<meta property=\"og:type\" content=\"article\" \/>\n<meta property=\"og:title\" content=\"Der Pferdemarkt in Polen \/ Skaryszew - Tash-Horseexperience\" \/>\n<meta property=\"og:description\" content=\"Der Hype um den Pferdemarkt in Polen nimmt zu. Ich hatte schon vor einigen Wochen vor, hier dar\u00fcber zu schreiben. Jedoch konnte ich damals nicht genug interessante Infos sammeln und wollte nicht einen weiteren Artikel mit den selben kargen Inhalten, wie s\u00e4mtliche Gefundene, schreiben. \u00a0 Nun ist der Pferdemarkt in Polen, genauer in Skaryszew (nahe Radom) vor\u00fcber und die Informationen dar\u00fcber werden deutlich ansprechender. Jedoch h\u00e4ufen sich auch Petitions und Aufrufe, sowie Proteste, welche die Schlie\u00dfung des j\u00e4hrlich stattfindenden Marktes fordern. \u00a0 Aber von Vorne: \u00a0 K\u00f6nig Wladyslaw Jagiello erteilte im Jahr 1433 dem 4.000 Seelen-Dorf Skaryszew das Privileg, einmal im Jahr einen Pferdeverkaufsmarkt abhalten zu d\u00fcrfen. Zu Beginn der Fastenzeit kommen seither bis zu 10.000 Pferdeh\u00e4ndler angereist und bieten ihre Tiere an. Fr\u00fcher, als in Polen noch bis zu zwei Millionen Arbeitspferde in der Landwirtschaft gearbeitet haben, wurden auf diesem Markt binnen zwei Tagen bis zu 5.000 Kaltblutpferde verkauft. Heutzutage sind diese durch Traktoren ersetzt, die Arbeitstiere den Freizeitpferden gewichen. Immer noch aber wechseln zwischen 300 und 500 Freizeit-, Schlacht- und Therapie-Pferde den Besitzer. \u00a0 Dabei reisen die H\u00e4ndler sowohl aus Polen, der Slowakei und Deutschland, als auch aus \u00d6sterreich und Italien an. Laut taz.de produziert Polen etwa 60.000 [&hellip;]\" \/>\n<meta property=\"og:url\" content=\"https:\/\/www.tash-horseexperience.click\/wordpress\/2013\/03\/der-pferdemarkt-in-polen-skaryszew\/\" \/>\n<meta property=\"og:site_name\" content=\"Tash-Horseexperience\" \/>\n<meta property=\"article:publisher\" content=\"https:\/\/www.facebook.com\/TashHorseexperience\/\" \/>\n<meta property=\"article:published_time\" content=\"2013-03-05T19:11:00+00:00\" \/>\n<meta name=\"twitter:card\" content=\"summary\" \/>\n<meta name=\"twitter:creator\" content=\"@TashHorse\" \/>\n<meta name=\"twitter:site\" content=\"@TashHorse\" \/>\n<meta name=\"twitter:label1\" content=\"Verfasst von\" \/>\n\t<meta name=\"twitter:data1\" content=\"Tanja\" \/>\n\t<meta name=\"twitter:label2\" content=\"Gesch\u00e4tzte Lesezeit\" \/>\n\t<meta name=\"twitter:data2\" content=\"4\u00a0Minuten\" \/>\n<script type=\"application\/ld+json\" class=\"yoast-schema-graph\">{\"@context\":\"https:\/\/schema.org\",\"@graph\":[{\"@type\":\"WebSite\",\"@id\":\"https:\/\/www.tash-horseexperience.click\/wordpress\/#website\",\"url\":\"https:\/\/www.tash-horseexperience.click\/wordpress\/\",\"name\":\"Tash-Horseexperience\",\"description\":\"Achtsamer Umgang mit dem Pferd\",\"potentialAction\":[{\"@type\":\"SearchAction\",\"target\":{\"@type\":\"EntryPoint\",\"urlTemplate\":\"https:\/\/www.tash-horseexperience.click\/wordpress\/?s={search_term_string}\"},\"query-input\":\"required name=search_term_string\"}],\"inLanguage\":\"de\"},{\"@type\":\"WebPage\",\"@id\":\"https:\/\/www.tash-horseexperience.click\/wordpress\/2013\/03\/der-pferdemarkt-in-polen-skaryszew\/#webpage\",\"url\":\"https:\/\/www.tash-horseexperience.click\/wordpress\/2013\/03\/der-pferdemarkt-in-polen-skaryszew\/\",\"name\":\"Der Pferdemarkt in Polen \/ Skaryszew - Tash-Horseexperience\",\"isPartOf\":{\"@id\":\"https:\/\/www.tash-horseexperience.click\/wordpress\/#website\"},\"datePublished\":\"2013-03-05T19:11:00+00:00\",\"dateModified\":\"2013-03-05T19:11:00+00:00\",\"author\":{\"@id\":\"https:\/\/www.tash-horseexperience.click\/wordpress\/#\/schema\/person\/a26db3f4f7049da0db0b7bef4f477dfa\"},\"breadcrumb\":{\"@id\":\"https:\/\/www.tash-horseexperience.click\/wordpress\/2013\/03\/der-pferdemarkt-in-polen-skaryszew\/#breadcrumb\"},\"inLanguage\":\"de\",\"potentialAction\":[{\"@type\":\"ReadAction\",\"target\":[\"https:\/\/www.tash-horseexperience.click\/wordpress\/2013\/03\/der-pferdemarkt-in-polen-skaryszew\/\"]}]},{\"@type\":\"BreadcrumbList\",\"@id\":\"https:\/\/www.tash-horseexperience.click\/wordpress\/2013\/03\/der-pferdemarkt-in-polen-skaryszew\/#breadcrumb\",\"itemListElement\":[{\"@type\":\"ListItem\",\"position\":1,\"name\":\"Startseite\",\"item\":\"https:\/\/www.tash-horseexperience.click\/wordpress\/\"},{\"@type\":\"ListItem\",\"position\":2,\"name\":\"Der Pferdemarkt in Polen \/ Skaryszew\"}]},{\"@type\":\"Person\",\"@id\":\"https:\/\/www.tash-horseexperience.click\/wordpress\/#\/schema\/person\/a26db3f4f7049da0db0b7bef4f477dfa\",\"name\":\"Tanja\",\"image\":{\"@type\":\"ImageObject\",\"@id\":\"https:\/\/www.tash-horseexperience.click\/wordpress\/#personlogo\",\"inLanguage\":\"de\",\"url\":\"https:\/\/secure.gravatar.com\/avatar\/87f17fa40a5ee2ef815eb30e29340391?s=96&d=monsterid&r=g\",\"contentUrl\":\"https:\/\/secure.gravatar.com\/avatar\/87f17fa40a5ee2ef815eb30e29340391?s=96&d=monsterid&r=g\",\"caption\":\"Tanja\"},\"url\":\"https:\/\/www.tash-horseexperience.click\/wordpress\/author\/tanja\/\"}]}<\/script>\n<!-- \/ Yoast SEO plugin. -->","yoast_head_json":{"title":"Der Pferdemarkt in Polen \/ Skaryszew - Tash-Horseexperience","robots":{"index":"index","follow":"follow","max-snippet":"max-snippet:-1","max-image-preview":"max-image-preview:large","max-video-preview":"max-video-preview:-1"},"canonical":"https:\/\/www.tash-horseexperience.click\/wordpress\/2013\/03\/der-pferdemarkt-in-polen-skaryszew\/","og_locale":"de_DE","og_type":"article","og_title":"Der Pferdemarkt in Polen \/ Skaryszew - Tash-Horseexperience","og_description":"Der Hype um den Pferdemarkt in Polen nimmt zu. Ich hatte schon vor einigen Wochen vor, hier dar\u00fcber zu schreiben. Jedoch konnte ich damals nicht genug interessante Infos sammeln und wollte nicht einen weiteren Artikel mit den selben kargen Inhalten, wie s\u00e4mtliche Gefundene, schreiben. \u00a0 Nun ist der Pferdemarkt in Polen, genauer in Skaryszew (nahe Radom) vor\u00fcber und die Informationen dar\u00fcber werden deutlich ansprechender. Jedoch h\u00e4ufen sich auch Petitions und Aufrufe, sowie Proteste, welche die Schlie\u00dfung des j\u00e4hrlich stattfindenden Marktes fordern. \u00a0 Aber von Vorne: \u00a0 K\u00f6nig Wladyslaw Jagiello erteilte im Jahr 1433 dem 4.000 Seelen-Dorf Skaryszew das Privileg, einmal im Jahr einen Pferdeverkaufsmarkt abhalten zu d\u00fcrfen. Zu Beginn der Fastenzeit kommen seither bis zu 10.000 Pferdeh\u00e4ndler angereist und bieten ihre Tiere an. Fr\u00fcher, als in Polen noch bis zu zwei Millionen Arbeitspferde in der Landwirtschaft gearbeitet haben, wurden auf diesem Markt binnen zwei Tagen bis zu 5.000 Kaltblutpferde verkauft. Heutzutage sind diese durch Traktoren ersetzt, die Arbeitstiere den Freizeitpferden gewichen. Immer noch aber wechseln zwischen 300 und 500 Freizeit-, Schlacht- und Therapie-Pferde den Besitzer. \u00a0 Dabei reisen die H\u00e4ndler sowohl aus Polen, der Slowakei und Deutschland, als auch aus \u00d6sterreich und Italien an. Laut taz.de produziert Polen etwa 60.000 [&hellip;]","og_url":"https:\/\/www.tash-horseexperience.click\/wordpress\/2013\/03\/der-pferdemarkt-in-polen-skaryszew\/","og_site_name":"Tash-Horseexperience","article_publisher":"https:\/\/www.facebook.com\/TashHorseexperience\/","article_published_time":"2013-03-05T19:11:00+00:00","twitter_card":"summary","twitter_creator":"@TashHorse","twitter_site":"@TashHorse","twitter_misc":{"Verfasst von":"Tanja","Gesch\u00e4tzte Lesezeit":"4\u00a0Minuten"},"schema":{"@context":"https:\/\/schema.org","@graph":[{"@type":"WebSite","@id":"https:\/\/www.tash-horseexperience.click\/wordpress\/#website","url":"https:\/\/www.tash-horseexperience.click\/wordpress\/","name":"Tash-Horseexperience","description":"Achtsamer Umgang mit dem Pferd","potentialAction":[{"@type":"SearchAction","target":{"@type":"EntryPoint","urlTemplate":"https:\/\/www.tash-horseexperience.click\/wordpress\/?s={search_term_string}"},"query-input":"required name=search_term_string"}],"inLanguage":"de"},{"@type":"WebPage","@id":"https:\/\/www.tash-horseexperience.click\/wordpress\/2013\/03\/der-pferdemarkt-in-polen-skaryszew\/#webpage","url":"https:\/\/www.tash-horseexperience.click\/wordpress\/2013\/03\/der-pferdemarkt-in-polen-skaryszew\/","name":"Der Pferdemarkt in Polen \/ Skaryszew - Tash-Horseexperience","isPartOf":{"@id":"https:\/\/www.tash-horseexperience.click\/wordpress\/#website"},"datePublished":"2013-03-05T19:11:00+00:00","dateModified":"2013-03-05T19:11:00+00:00","author":{"@id":"https:\/\/www.tash-horseexperience.click\/wordpress\/#\/schema\/person\/a26db3f4f7049da0db0b7bef4f477dfa"},"breadcrumb":{"@id":"https:\/\/www.tash-horseexperience.click\/wordpress\/2013\/03\/der-pferdemarkt-in-polen-skaryszew\/#breadcrumb"},"inLanguage":"de","potentialAction":[{"@type":"ReadAction","target":["https:\/\/www.tash-horseexperience.click\/wordpress\/2013\/03\/der-pferdemarkt-in-polen-skaryszew\/"]}]},{"@type":"BreadcrumbList","@id":"https:\/\/www.tash-horseexperience.click\/wordpress\/2013\/03\/der-pferdemarkt-in-polen-skaryszew\/#breadcrumb","itemListElement":[{"@type":"ListItem","position":1,"name":"Startseite","item":"https:\/\/www.tash-horseexperience.click\/wordpress\/"},{"@type":"ListItem","position":2,"name":"Der Pferdemarkt in Polen \/ Skaryszew"}]},{"@type":"Person","@id":"https:\/\/www.tash-horseexperience.click\/wordpress\/#\/schema\/person\/a26db3f4f7049da0db0b7bef4f477dfa","name":"Tanja","image":{"@type":"ImageObject","@id":"https:\/\/www.tash-horseexperience.click\/wordpress\/#personlogo","inLanguage":"de","url":"https:\/\/secure.gravatar.com\/avatar\/87f17fa40a5ee2ef815eb30e29340391?s=96&d=monsterid&r=g","contentUrl":"https:\/\/secure.gravatar.com\/avatar\/87f17fa40a5ee2ef815eb30e29340391?s=96&d=monsterid&r=g","caption":"Tanja"},"url":"https:\/\/www.tash-horseexperience.click\/wordpress\/author\/tanja\/"}]}},"jetpack_featured_media_url":"","jetpack_publicize_connections":[],"jetpack_sharing_enabled":true,"jetpack_shortlink":"https:\/\/wp.me\/p6BXYn-71","jetpack-related-posts":[{"id":388,"url":"https:\/\/www.tash-horseexperience.click\/wordpress\/2013\/04\/gut-aiderbichl-tierschutz\/","url_meta":{"origin":435,"position":0},"title":"Gut Aiderbichl &#8211; Tierschutz","date":"","format":false,"excerpt":"Da ich, wie viele von euch wissen, \u00d6sterreicherin bin, genauer im Salzburger Land wohne, darf hier ein Bericht zum mir nahegelegenen Gut Aiderbichl nicht fehlen. Hier geht\u2019s zur Homepage. Plump gesagt, ist das Gut Aiderbichl eine Herberge f\u00fcr Tiere in Not, mit dem Zusatz, dass Tiere, welche hier landen, nicht\u2026","rel":"","context":"In &quot;Tierschutzorganisation&quot;","img":{"alt_text":"","src":"","width":0,"height":0},"classes":[]},{"id":2373,"url":"https:\/\/www.tash-horseexperience.click\/wordpress\/2016\/11\/geschenke-fuer-dein-pferd\/","url_meta":{"origin":435,"position":1},"title":"Geschenke f\u00fcr dein Pferd","date":"","format":false,"excerpt":"Text enth\u00e4lt Werbelinks \/\/ Kaum zu glauben, aber das gro\u00dfe Fest steht unmittelbar bevor. Noch gut ein Monat und Weihnachten steht vor der T\u00fcre. Wie jedes Jahr hetzen wir herum, gr\u00fcbeln, womit wir unseren Lieben eine kleine Freude machen k\u00f6nnten. \u00dcberlegst du dir Geschenke f\u00fcr dein Pferd? Ich freue mich\u2026","rel":"","context":"In &quot;F\u00fctterung&quot;","img":{"alt_text":"Geschenke f\u00fcr dein Pferd","src":"https:\/\/i1.wp.com\/www.tash-horseexperience.click\/wordpress\/wp-content\/uploads\/2016\/11\/Geschenke-f\u00fcr-dein-Pferd-1.jpg?fit=800%2C534&ssl=1&resize=350%2C200","width":350,"height":200},"classes":[]},{"id":181,"url":"https:\/\/www.tash-horseexperience.click\/wordpress\/2014\/05\/was-kann-mein-pferd\/","url_meta":{"origin":435,"position":2},"title":"Was kann mein Pferd?","date":"","format":false,"excerpt":"Diese Frage sollten wir uns alle stellen, bevor wir damit loslegen, unsere Tiere auf das von uns Gew\u00fcnschte zu trainieren. Und damit ist nicht die Frage gemeint, was es bereits alles beherrscht! Es gibt nun mal viele verschiedene Pferde mit vielen unterschiedlichen Eigenschaften bzw. Handicaps. Das gilt es zu analysieren\u2026","rel":"","context":"In &quot;Bodenarbeit&quot;","img":{"alt_text":"","src":"https:\/\/nebeleinhorn.files.wordpress.com\/2014\/05\/2455c-img_0781.jpg?w=350&h=200&crop=1","width":350,"height":200},"classes":[]},{"id":375,"url":"https:\/\/www.tash-horseexperience.click\/wordpress\/2013\/04\/what-the-o-pferdetransport-gestoppt\/","url_meta":{"origin":435,"position":3},"title":"what the&#8230;.. :O &#8211; Pferdetransport gestoppt","date":"","format":false,"excerpt":"Hier mal ein Fall, wie er niemals erlebt werden sollte. Bis in Sachen Pferde- oder allgemein Tiertransport wirklich alles mit rechten Dingen zugeht, wird wohl aber leider noch viel Wasser den Bach runter laufen....Vor ein paar Tagen wurde ein LKW mitsamt Pferdeanh\u00e4nger gestoppt. Dass die Tiere als Dreij\u00e4hrige ausgegeben wurden,\u2026","rel":"","context":"In &quot;Clickertraining&quot;","img":{"alt_text":"","src":"","width":0,"height":0},"classes":[]},{"id":151,"url":"https:\/\/www.tash-horseexperience.click\/wordpress\/2014\/07\/augen-auf-beim-pferdekauf\/","url_meta":{"origin":435,"position":4},"title":"Augen auf beim Pferdekauf","date":"","format":false,"excerpt":"... oder sollte ich sagen Verstand und Herz? Immer wieder bin ich schockiert dar\u00fcber, wie viele Pferde durch viele H\u00e4nde, durch viele St\u00e4lle gereicht werden. Ihr wisst schon, dass man ein Tier nicht aus einer Laune heraus kauft? Dass man eine enorme Verantwortung f\u00fcr ein LEBEWESEN \u00fcbernimmt? Gern stelle ich\u2026","rel":"","context":"In &quot;Pferdehaltung&quot;","img":{"alt_text":"Pferdekauf","src":"https:\/\/nebeleinhorn.files.wordpress.com\/2014\/07\/24cb6-10174941_10201514777063452_1541165938_n.jpg?w=350&h=200&crop=1","width":350,"height":200},"classes":[]},{"id":622,"url":"https:\/\/www.tash-horseexperience.click\/wordpress\/2012\/11\/teures-spielzeug-pferd\/","url_meta":{"origin":435,"position":5},"title":"Teures Spielzeug Pferd","date":"","format":false,"excerpt":"Aus gegebenem Anlass, werde ich euch heute meine Kosten f\u00fcr die Ponys offenlegen.\u00a0Viele Leute tr\u00e4umen vom eigenen Pferd, vergessen dabei aber, welche Kosten, welcher Aufwand auf sie zukommt. Ausserdem ist man als Reiter nicht gleich als Pferdebesitzer geeignet. Es reicht nicht, sich auf dem Pferd gut in allen drei Gangarten\u2026","rel":"","context":"In &quot;Partner Pferd&quot;","img":{"alt_text":"","src":"https:\/\/nebeleinhorn.files.wordpress.com\/2012\/11\/1da8c-557b0991.jpg?w=350&h=200&crop=1","width":350,"height":200},"classes":[]}],"jetpack_likes_enabled":true,"_links":{"self":[{"href":"https:\/\/www.tash-horseexperience.click\/wordpress\/wp-json\/wp\/v2\/posts\/435"}],"collection":[{"href":"https:\/\/www.tash-horseexperience.click\/wordpress\/wp-json\/wp\/v2\/posts"}],"about":[{"href":"https:\/\/www.tash-horseexperience.click\/wordpress\/wp-json\/wp\/v2\/types\/post"}],"author":[{"embeddable":true,"href":"https:\/\/www.tash-horseexperience.click\/wordpress\/wp-json\/wp\/v2\/users\/3"}],"replies":[{"embeddable":true,"href":"https:\/\/www.tash-horseexperience.click\/wordpress\/wp-json\/wp\/v2\/comments?post=435"}],"version-history":[{"count":0,"href":"https:\/\/www.tash-horseexperience.click\/wordpress\/wp-json\/wp\/v2\/posts\/435\/revisions"}],"wp:attachment":[{"href":"https:\/\/www.tash-horseexperience.click\/wordpress\/wp-json\/wp\/v2\/media?parent=435"}],"wp:term":[{"taxonomy":"category","embeddable":true,"href":"https:\/\/www.tash-horseexperience.click\/wordpress\/wp-json\/wp\/v2\/categories?post=435"},{"taxonomy":"post_tag","embeddable":true,"href":"https:\/\/www.tash-horseexperience.click\/wordpress\/wp-json\/wp\/v2\/tags?post=435"}],"curies":[{"name":"wp","href":"https:\/\/api.w.org\/{rel}","templated":true}]}}