{"id":749,"date":"2012-08-28T08:03:00","date_gmt":"2012-08-28T06:03:00","guid":{"rendered":"https:\/\/nebeleinhorn.wordpress.com\/2012\/08\/28\/feeling-ist-eben-doch-alles\/"},"modified":"2012-08-28T08:03:00","modified_gmt":"2012-08-28T06:03:00","slug":"feeling-ist-eben-doch-alles","status":"publish","type":"post","link":"https:\/\/www.tash-horseexperience.click\/wordpress\/2012\/08\/feeling-ist-eben-doch-alles\/","title":{"rendered":"Feeling ist eben doch alles&#8230;"},"content":{"rendered":"<div style=\"text-align:justify;\">Wirklich gerne lerne ich Neues \u00fcber die Welt der Pferde und lasse mich auch gerne und oft eines Besseren belehren, sollte ich mit meiner Meinung zu manchen Themen falsch liegen&#8230;<\/div>\n<div style=\"text-align:justify;\">\u00a0<\/div>\n<div style=\"text-align:justify;\">Doch habe ich, gerade durch Shadow, gelernt, ein gewisses Feeling zu entwickeln. Und glaubt mir, ich verlasse mich nicht darauf, werde aber ab und zu eben doch darin best\u00e4tigt, richtig zu liegen&#8230;<\/div>\n<div style=\"text-align:justify;\">\u00a0<\/div>\n<div style=\"text-align:justify;\">\u00a0<\/div>\n<div style=\"text-align:justify;\">Gestern zum Beispiel, komme ich Abends nach getaner B\u00fcroarbeit in den Stall.<\/div>\n<div style=\"text-align:justify;\">Die Stallfee kommt mir entgegen und sagt &#8222;Shadow ist heute zickig!&#8220; Und ja, das muss man ihr lassen, auch sie kennt Mr. Pony mittlerweile sehr gut und liegt mit der Einsch\u00e4tzung seiner jeweiligen Tagesstimmung zu 99 % richtig. <\/div>\n<div style=\"text-align:justify;\">\u00a0<\/div>\n<div style=\"text-align:justify;\">Hier muss ich einwerfen, dass ich wirklich dankbar bin, Shadow in seinem Zuhause gut aufgehoben zu wissen. Erlebt man es doch in manchen St\u00e4llen sehr h\u00e4ufig, dass niemand bemerkt, wenn ein eingestelltes Pferd kr\u00e4nkelt oder kolikt. <\/div>\n<div style=\"text-align:justify;\">\u00a0<\/div>\n<div style=\"text-align:justify;\">In Shadows Residenz sieht das anders aus, hier wird sich wirklich gut um ihn gek\u00fcmmert. Hat er auch nur die geringste Kleinigkeit, wird darauf geachtet. Bei Koliken wird des N\u00e4chtens st\u00fcndlich kontrolliert, ob Herr Pony sich erholt. <\/div>\n<div style=\"text-align:justify;\">\u00a0<\/div>\n<div style=\"text-align:justify;\">Ein <strong>DANKE DAF\u00dcR<\/strong> find ich wirklich angebracht und spreche ich auch gerne hier aus!<\/div>\n<div style=\"text-align:justify;\">\u00a0<\/div>\n<div style=\"text-align:justify;\">So, nun zur\u00fcck zu dieser &#8222;Feeling-Sache&#8220;&#8230;.<\/div>\n<div style=\"text-align:justify;\">\u00a0<\/div>\n<div style=\"text-align:justify;\">Gestern also habe ich abends ein zickiges Pony vorgefunden&#8230; Warum Shadow schlecht drauf war, wei\u00df ich nicht. Also das Beste draus machen. Da wir den Tag zuvor reitender Weise unseren t\u00e4glichen Bewegungsbedarf deckten, war gestern Spazieren am Tagesplan. <\/div>\n<div style=\"text-align:justify;\">\u00a0<\/div>\n<div style=\"text-align:justify;\">Also die drei Ponys (Shadow, Minipony Kaiser-Franz-Josef und Haflinger Raudi) geschnappt und nen Ausflug gestartet. Wirklich begeistert war Herr Pony nicht davon. Er zog die N\u00fcstern und Augenbrauen\u00a0hoch, verkrampfte sein Kinn und latschte unmutig neben mir her.<\/div>\n<div style=\"text-align:justify;\">\u00a0<\/div>\n<div style=\"text-align:justify;\">Nach etwa einer halben Stunde wieder im Stall angekommen aber, brachten wir die drei Vierbeiner noch auf die gro\u00dfe Weide zum Austoben. Dazu sei erw\u00e4hnt, dass Shadow f\u00fcr sein Leben gern im gestreckten Galopp \u00fcber die Koppel fegt. Gut. Die Ponys raus, geht die Fetzerei auch gleich los.<\/div>\n<div style=\"text-align:justify;\">\u00a0<\/div>\n<div style=\"text-align:justify;\">Ein weisser Sch\u00e4ferhund rundet die Sache ab, er liefert sich ein Wettrennen mit Shadow. \ud83d\ude42<\/div>\n<div style=\"text-align:justify;\">\u00a0<\/div>\n<div style=\"text-align:justify;\">Und siehe da, Herr Pony ausgepowert und\u00a0ausgegelichen \ud83d\ude42 Gesicht entspannt und fragt freundlich um ein Leckerlie&#8230;. Wenn wir nur auch so schnell zufrieden zu stellen w\u00e4ren.<\/div>\n<div style=\"text-align:justify;\">\u00a0<\/div>\n<div style=\"text-align:justify;\">Das also war Punkt 1. Nennen wir es mal &#8222;AUFHEITERN&#8220; \ud83d\ude09<\/div>\n<div style=\"text-align:justify;\">\u00a0<\/div>\n<div style=\"text-align:justify;\">\u00a0<\/div>\n<div style=\"text-align:justify;\">Da w\u00e4r aber noch die Sache mit dem Fellchenkraulen&#8230; <\/div>\n<div style=\"text-align:justify;\">\u00a0<\/div>\n<div style=\"text-align:justify;\">Ich bin ja schon lange davon \u00fcberzeugt, dass Shadow ein bisschen asozial ist. <\/div>\n<div style=\"text-align:justify;\">Leider kenne ich seine Vorgeschichte nicht, kann also nur vermuten. Die Tatsache, dass ich ihm Anfangs erst zeigen musste, dass nicht nur Gras sondern eben auch L\u00f6wenzahn und andere Pflanzen essbar sind, best\u00e4rkt mich in meiner Vermutung, dass er wohl vor der Zeit bei mir nicht sehr artgerecht gehalten wurde. <\/div>\n<div style=\"text-align:justify;\">\u00a0<\/div>\n<div style=\"text-align:justify;\">Also zum Fellchenkraulen. Herr Pony tut das nicht. Bzw TAT das nicht \ud83d\ude09 Diverse Reiter und Pferdefl\u00fcsterer hatten dies mit &#8222;Er mag das einfach nicht&#8220; erkl\u00e4rt. Ich aber war irgendwie immer der \u00dcberzeugung, dass er es hald nun einfach nicht kann. Und ich hab die Best\u00e4tigung bekommen.<\/div>\n<div style=\"text-align:justify;\">\u00a0<\/div>\n<div style=\"text-align:justify;\">Hab ich euch doch in einem vorg\u00e4ngigen Post schon erz\u00e4hlt, dass ich den Kaiser kraulte, Kaiser daraufhin anfing, Shadow zu kraulen und dieser die Liebkosung mit etwas hilflosem unkoordinierten Beissen erwiederte. Fazit: Er kanns nicht!!!<\/div>\n<div style=\"text-align:justify;\">\u00a0<\/div>\n<div style=\"text-align:justify;\">Sonntags dann war ich bei einer Freundin zum Stall ausmisten und fuhr danach zu Herrn Pony um kurz nachzusehen, ob alles in Ordnung war. Und siehe da: Haflinger Raudi und Shadow standen fellchenkraulend auf der Weide. \ud83d\ude00 Mann, war ich begeistert \ud83d\ude09 <\/div>\n<div style=\"text-align:justify;\">\u00a0<\/div>\n<div style=\"text-align:justify;\">Von wegen &#8222;er mag das nicht&#8220; &#8211; ER KONNTE ES NICHT!!! Jetzt schon! Und er mag es!\u00a0\ud83d\ude00<\/div>\n<div style=\"text-align:justify;\">\u00a0<\/div>\n<div style=\"text-align:justify;\">H\u00e4tten wir Punkt 2. auch besprochen. <\/div>\n<div style=\"text-align:justify;\">\u00a0<\/div>\n<div style=\"text-align:justify;\">\u00a0<\/div>\n<div style=\"text-align:justify;\">Eine Kleinigkeit aber w\u00e4r da noch. Shadow und \u00c4pfel, das ist n\u00e4mlich auch so eine Sache&#8230;<\/div>\n<div style=\"text-align:justify;\">Ich bin wieder mal mit meiner Meinung allein: Er mag \u00c4pfel nicht besonders.<\/div>\n<div style=\"text-align:justify;\">\u00a0<\/div>\n<div style=\"text-align:justify;\">Die Gegenseite: &#8222;Er hebt sich das Beste bis zum Schluss auf&#8220;<\/div>\n<div style=\"text-align:justify;\">\u00a0<\/div>\n<div style=\"text-align:justify;\">Von wegen&#8230;. \ud83d\ude09 Oder meint ihr, ein Pferd, das auf \u00c4pfel steht w\u00fcrde Heu bevorzugen und ruhig dabei zusehen, wie ein anderer direkt daneben SEINEN Apfel isst? Wohl kaum! \ud83d\ude09<\/div>\n<div style=\"text-align:justify;\">\u00a0<\/div>\n<div style=\"text-align:justify;\">Dies war der 3. und letzte Punkt f\u00fcr heute \ud83d\ude42<\/div>\n<div style=\"text-align:justify;\">\u00a0<\/div>\n<div style=\"text-align:justify;\">Zusammenfassung: Herr Pony MAG und KANN jetzt das Fellchenkraulen und \u00c4pfel mag er eben nicht besonders\u00a0\ud83d\ude09<\/div>\n<div class=\"separator\" style=\"clear:both;text-align:center;\"><a href=\"https:\/\/nebeleinhorn.files.wordpress.com\/2012\/08\/7be5c-297594_387972381257424_39521232_n.jpg\" style=\"margin-left:1em;margin-right:1em;\"><img loading=\"lazy\" border=\"0\" height=\"213\" src=\"https:\/\/nebeleinhorn.files.wordpress.com\/2012\/08\/7be5c-297594_387972381257424_39521232_n.jpg?w=300&#038;resize=320%2C213\" width=\"320\" data-recalc-dims=\"1\" \/><\/a><\/div>\n<p>Euch w\u00fcnsch ich einen sch\u00f6nen sonnigen Tag!<\/p>\n<p>Liebe Gr\u00fc\u00dfe, <\/p>\n<p>Tash<\/p>\n<div class=\"sharedaddy sd-sharing-enabled\"><div class=\"robots-nocontent sd-block sd-social sd-social-icon sd-sharing\"><h3 class=\"sd-title\">Teilen mit:<\/h3><div class=\"sd-content\"><ul><li><a href=\"#\" class=\"sharing-anchor sd-button share-more\"><span>Teilen<\/span><\/a><\/li><li class=\"share-end\"><\/li><\/ul><div class=\"sharing-hidden\"><div class=\"inner\" style=\"display: none;\"><ul><li class=\"share-facebook\"><a rel=\"nofollow noopener noreferrer\" data-shared=\"sharing-facebook-749\" class=\"share-facebook sd-button share-icon no-text\" href=\"https:\/\/www.tash-horseexperience.click\/wordpress\/2012\/08\/feeling-ist-eben-doch-alles\/?share=facebook\" target=\"_blank\" title=\"Klick, um auf Facebook zu teilen\"><span><\/span><span class=\"sharing-screen-reader-text\">Klick, um auf Facebook zu teilen (Wird in neuem Fenster ge\u00f6ffnet)<\/span><\/a><\/li><li class=\"share-twitter\"><a rel=\"nofollow noopener noreferrer\" data-shared=\"sharing-twitter-749\" class=\"share-twitter sd-button share-icon no-text\" href=\"https:\/\/www.tash-horseexperience.click\/wordpress\/2012\/08\/feeling-ist-eben-doch-alles\/?share=twitter\" target=\"_blank\" title=\"Klick, um \u00fcber Twitter zu teilen\"><span><\/span><span class=\"sharing-screen-reader-text\">Klick, um \u00fcber Twitter zu teilen (Wird in neuem Fenster ge\u00f6ffnet)<\/span><\/a><\/li><li class=\"share-end\"><\/li><li class=\"share-pinterest\"><a rel=\"nofollow noopener noreferrer\" data-shared=\"sharing-pinterest-749\" class=\"share-pinterest sd-button share-icon no-text\" href=\"https:\/\/www.tash-horseexperience.click\/wordpress\/2012\/08\/feeling-ist-eben-doch-alles\/?share=pinterest\" target=\"_blank\" title=\"Klick, um auf Pinterest zu teilen\"><span><\/span><span class=\"sharing-screen-reader-text\">Klick, um auf Pinterest zu teilen (Wird in neuem Fenster ge\u00f6ffnet)<\/span><\/a><\/li><li class=\"share-end\"><\/li><\/ul><\/div><\/div><\/div><\/div><\/div>","protected":false},"excerpt":{"rendered":"<p>Wirklich gerne lerne ich Neues \u00fcber die Welt der Pferde und lasse mich auch gerne und oft eines Besseren belehren, sollte ich mit meiner Meinung zu manchen Themen falsch liegen&#8230; \u00a0 Doch habe ich, gerade durch Shadow, gelernt, ein gewisses Feeling zu entwickeln. Und glaubt mir, ich verlasse mich nicht darauf, werde aber ab und zu eben doch darin best\u00e4tigt, richtig zu liegen&#8230; \u00a0 \u00a0 Gestern zum Beispiel, komme ich Abends nach getaner B\u00fcroarbeit in den Stall. Die Stallfee kommt mir entgegen und sagt &#8222;Shadow ist heute zickig!&#8220; Und ja, das muss man ihr lassen, auch sie kennt Mr. Pony mittlerweile sehr gut und liegt mit der Einsch\u00e4tzung seiner jeweiligen Tagesstimmung zu 99 % richtig. \u00a0 Hier muss ich einwerfen, dass ich wirklich dankbar bin, Shadow in seinem Zuhause gut aufgehoben zu wissen. Erlebt man es doch in manchen St\u00e4llen sehr h\u00e4ufig, dass niemand bemerkt, wenn ein eingestelltes Pferd kr\u00e4nkelt oder kolikt. \u00a0 In Shadows Residenz sieht das anders aus, hier wird sich wirklich gut um ihn gek\u00fcmmert. Hat er auch nur die geringste Kleinigkeit, wird darauf geachtet. Bei Koliken wird des N\u00e4chtens st\u00fcndlich kontrolliert, ob Herr Pony sich erholt. \u00a0 Ein DANKE DAF\u00dcR find ich wirklich angebracht und spreche [&hellip;]<\/p>\n<div class=\"sharedaddy sd-sharing-enabled\"><div class=\"robots-nocontent sd-block sd-social sd-social-icon sd-sharing\"><h3 class=\"sd-title\">Teilen mit:<\/h3><div class=\"sd-content\"><ul><li><a href=\"#\" class=\"sharing-anchor sd-button share-more\"><span>Teilen<\/span><\/a><\/li><li class=\"share-end\"><\/li><\/ul><div class=\"sharing-hidden\"><div class=\"inner\" style=\"display: none;\"><ul><li class=\"share-facebook\"><a rel=\"nofollow noopener noreferrer\" data-shared=\"sharing-facebook-749\" class=\"share-facebook sd-button share-icon no-text\" href=\"https:\/\/www.tash-horseexperience.click\/wordpress\/2012\/08\/feeling-ist-eben-doch-alles\/?share=facebook\" target=\"_blank\" title=\"Klick, um auf Facebook zu teilen\"><span><\/span><span class=\"sharing-screen-reader-text\">Klick, um auf Facebook zu teilen (Wird in neuem Fenster ge\u00f6ffnet)<\/span><\/a><\/li><li class=\"share-twitter\"><a rel=\"nofollow noopener noreferrer\" data-shared=\"sharing-twitter-749\" class=\"share-twitter sd-button share-icon no-text\" href=\"https:\/\/www.tash-horseexperience.click\/wordpress\/2012\/08\/feeling-ist-eben-doch-alles\/?share=twitter\" target=\"_blank\" title=\"Klick, um \u00fcber Twitter zu teilen\"><span><\/span><span class=\"sharing-screen-reader-text\">Klick, um \u00fcber Twitter zu teilen (Wird in neuem Fenster ge\u00f6ffnet)<\/span><\/a><\/li><li class=\"share-end\"><\/li><li class=\"share-pinterest\"><a rel=\"nofollow noopener noreferrer\" data-shared=\"sharing-pinterest-749\" class=\"share-pinterest sd-button share-icon no-text\" href=\"https:\/\/www.tash-horseexperience.click\/wordpress\/2012\/08\/feeling-ist-eben-doch-alles\/?share=pinterest\" target=\"_blank\" title=\"Klick, um auf Pinterest zu teilen\"><span><\/span><span class=\"sharing-screen-reader-text\">Klick, um auf Pinterest zu teilen (Wird in neuem Fenster ge\u00f6ffnet)<\/span><\/a><\/li><li class=\"share-end\"><\/li><\/ul><\/div><\/div><\/div><\/div><\/div>","protected":false},"author":3,"featured_media":0,"comment_status":"open","ping_status":"open","sticky":false,"template":"","format":"standard","meta":{"spay_email":"","jetpack_publicize_message":"","jetpack_is_tweetstorm":false},"categories":[11,12,18],"tags":[],"yoast_head":"<!-- This site is optimized with the Yoast SEO plugin v17.1 - https:\/\/yoast.com\/wordpress\/plugins\/seo\/ -->\n<title>Feeling ist eben doch alles... - Tash-Horseexperience<\/title>\n<meta name=\"robots\" content=\"index, follow, max-snippet:-1, max-image-preview:large, max-video-preview:-1\" \/>\n<link rel=\"canonical\" href=\"https:\/\/www.tash-horseexperience.click\/wordpress\/2012\/08\/feeling-ist-eben-doch-alles\/\" \/>\n<meta property=\"og:locale\" content=\"de_DE\" \/>\n<meta property=\"og:type\" content=\"article\" \/>\n<meta property=\"og:title\" content=\"Feeling ist eben doch alles... - Tash-Horseexperience\" \/>\n<meta property=\"og:description\" content=\"Wirklich gerne lerne ich Neues \u00fcber die Welt der Pferde und lasse mich auch gerne und oft eines Besseren belehren, sollte ich mit meiner Meinung zu manchen Themen falsch liegen&#8230; \u00a0 Doch habe ich, gerade durch Shadow, gelernt, ein gewisses Feeling zu entwickeln. Und glaubt mir, ich verlasse mich nicht darauf, werde aber ab und zu eben doch darin best\u00e4tigt, richtig zu liegen&#8230; \u00a0 \u00a0 Gestern zum Beispiel, komme ich Abends nach getaner B\u00fcroarbeit in den Stall. Die Stallfee kommt mir entgegen und sagt &#8222;Shadow ist heute zickig!&#8220; Und ja, das muss man ihr lassen, auch sie kennt Mr. Pony mittlerweile sehr gut und liegt mit der Einsch\u00e4tzung seiner jeweiligen Tagesstimmung zu 99 % richtig. \u00a0 Hier muss ich einwerfen, dass ich wirklich dankbar bin, Shadow in seinem Zuhause gut aufgehoben zu wissen. Erlebt man es doch in manchen St\u00e4llen sehr h\u00e4ufig, dass niemand bemerkt, wenn ein eingestelltes Pferd kr\u00e4nkelt oder kolikt. \u00a0 In Shadows Residenz sieht das anders aus, hier wird sich wirklich gut um ihn gek\u00fcmmert. Hat er auch nur die geringste Kleinigkeit, wird darauf geachtet. Bei Koliken wird des N\u00e4chtens st\u00fcndlich kontrolliert, ob Herr Pony sich erholt. \u00a0 Ein DANKE DAF\u00dcR find ich wirklich angebracht und spreche [&hellip;]\" \/>\n<meta property=\"og:url\" content=\"https:\/\/www.tash-horseexperience.click\/wordpress\/2012\/08\/feeling-ist-eben-doch-alles\/\" \/>\n<meta property=\"og:site_name\" content=\"Tash-Horseexperience\" \/>\n<meta property=\"article:publisher\" content=\"https:\/\/www.facebook.com\/TashHorseexperience\/\" \/>\n<meta property=\"article:published_time\" content=\"2012-08-28T06:03:00+00:00\" \/>\n<meta property=\"og:image\" content=\"https:\/\/nebeleinhorn.files.wordpress.com\/2012\/08\/7be5c-297594_387972381257424_39521232_n.jpg?w=300\" \/>\n<meta name=\"twitter:card\" content=\"summary\" \/>\n<meta name=\"twitter:creator\" content=\"@TashHorse\" \/>\n<meta name=\"twitter:site\" content=\"@TashHorse\" \/>\n<meta name=\"twitter:label1\" content=\"Verfasst von\" \/>\n\t<meta name=\"twitter:data1\" content=\"Tanja\" \/>\n\t<meta name=\"twitter:label2\" content=\"Gesch\u00e4tzte Lesezeit\" \/>\n\t<meta name=\"twitter:data2\" content=\"4\u00a0Minuten\" \/>\n<script type=\"application\/ld+json\" class=\"yoast-schema-graph\">{\"@context\":\"https:\/\/schema.org\",\"@graph\":[{\"@type\":\"WebSite\",\"@id\":\"https:\/\/www.tash-horseexperience.click\/wordpress\/#website\",\"url\":\"https:\/\/www.tash-horseexperience.click\/wordpress\/\",\"name\":\"Tash-Horseexperience\",\"description\":\"Achtsamer Umgang mit dem Pferd\",\"potentialAction\":[{\"@type\":\"SearchAction\",\"target\":{\"@type\":\"EntryPoint\",\"urlTemplate\":\"https:\/\/www.tash-horseexperience.click\/wordpress\/?s={search_term_string}\"},\"query-input\":\"required name=search_term_string\"}],\"inLanguage\":\"de\"},{\"@type\":\"ImageObject\",\"@id\":\"https:\/\/www.tash-horseexperience.click\/wordpress\/2012\/08\/feeling-ist-eben-doch-alles\/#primaryimage\",\"inLanguage\":\"de\",\"url\":\"https:\/\/nebeleinhorn.files.wordpress.com\/2012\/08\/7be5c-297594_387972381257424_39521232_n.jpg?w=300\",\"contentUrl\":\"https:\/\/nebeleinhorn.files.wordpress.com\/2012\/08\/7be5c-297594_387972381257424_39521232_n.jpg?w=300\"},{\"@type\":\"WebPage\",\"@id\":\"https:\/\/www.tash-horseexperience.click\/wordpress\/2012\/08\/feeling-ist-eben-doch-alles\/#webpage\",\"url\":\"https:\/\/www.tash-horseexperience.click\/wordpress\/2012\/08\/feeling-ist-eben-doch-alles\/\",\"name\":\"Feeling ist eben doch alles... - Tash-Horseexperience\",\"isPartOf\":{\"@id\":\"https:\/\/www.tash-horseexperience.click\/wordpress\/#website\"},\"primaryImageOfPage\":{\"@id\":\"https:\/\/www.tash-horseexperience.click\/wordpress\/2012\/08\/feeling-ist-eben-doch-alles\/#primaryimage\"},\"datePublished\":\"2012-08-28T06:03:00+00:00\",\"dateModified\":\"2012-08-28T06:03:00+00:00\",\"author\":{\"@id\":\"https:\/\/www.tash-horseexperience.click\/wordpress\/#\/schema\/person\/a26db3f4f7049da0db0b7bef4f477dfa\"},\"breadcrumb\":{\"@id\":\"https:\/\/www.tash-horseexperience.click\/wordpress\/2012\/08\/feeling-ist-eben-doch-alles\/#breadcrumb\"},\"inLanguage\":\"de\",\"potentialAction\":[{\"@type\":\"ReadAction\",\"target\":[\"https:\/\/www.tash-horseexperience.click\/wordpress\/2012\/08\/feeling-ist-eben-doch-alles\/\"]}]},{\"@type\":\"BreadcrumbList\",\"@id\":\"https:\/\/www.tash-horseexperience.click\/wordpress\/2012\/08\/feeling-ist-eben-doch-alles\/#breadcrumb\",\"itemListElement\":[{\"@type\":\"ListItem\",\"position\":1,\"name\":\"Startseite\",\"item\":\"https:\/\/www.tash-horseexperience.click\/wordpress\/\"},{\"@type\":\"ListItem\",\"position\":2,\"name\":\"Feeling ist eben doch alles&#8230;\"}]},{\"@type\":\"Person\",\"@id\":\"https:\/\/www.tash-horseexperience.click\/wordpress\/#\/schema\/person\/a26db3f4f7049da0db0b7bef4f477dfa\",\"name\":\"Tanja\",\"image\":{\"@type\":\"ImageObject\",\"@id\":\"https:\/\/www.tash-horseexperience.click\/wordpress\/#personlogo\",\"inLanguage\":\"de\",\"url\":\"https:\/\/secure.gravatar.com\/avatar\/87f17fa40a5ee2ef815eb30e29340391?s=96&d=monsterid&r=g\",\"contentUrl\":\"https:\/\/secure.gravatar.com\/avatar\/87f17fa40a5ee2ef815eb30e29340391?s=96&d=monsterid&r=g\",\"caption\":\"Tanja\"},\"url\":\"https:\/\/www.tash-horseexperience.click\/wordpress\/author\/tanja\/\"}]}<\/script>\n<!-- \/ Yoast SEO plugin. -->","yoast_head_json":{"title":"Feeling ist eben doch alles... - Tash-Horseexperience","robots":{"index":"index","follow":"follow","max-snippet":"max-snippet:-1","max-image-preview":"max-image-preview:large","max-video-preview":"max-video-preview:-1"},"canonical":"https:\/\/www.tash-horseexperience.click\/wordpress\/2012\/08\/feeling-ist-eben-doch-alles\/","og_locale":"de_DE","og_type":"article","og_title":"Feeling ist eben doch alles... - Tash-Horseexperience","og_description":"Wirklich gerne lerne ich Neues \u00fcber die Welt der Pferde und lasse mich auch gerne und oft eines Besseren belehren, sollte ich mit meiner Meinung zu manchen Themen falsch liegen&#8230; \u00a0 Doch habe ich, gerade durch Shadow, gelernt, ein gewisses Feeling zu entwickeln. Und glaubt mir, ich verlasse mich nicht darauf, werde aber ab und zu eben doch darin best\u00e4tigt, richtig zu liegen&#8230; \u00a0 \u00a0 Gestern zum Beispiel, komme ich Abends nach getaner B\u00fcroarbeit in den Stall. Die Stallfee kommt mir entgegen und sagt &#8222;Shadow ist heute zickig!&#8220; Und ja, das muss man ihr lassen, auch sie kennt Mr. Pony mittlerweile sehr gut und liegt mit der Einsch\u00e4tzung seiner jeweiligen Tagesstimmung zu 99 % richtig. \u00a0 Hier muss ich einwerfen, dass ich wirklich dankbar bin, Shadow in seinem Zuhause gut aufgehoben zu wissen. Erlebt man es doch in manchen St\u00e4llen sehr h\u00e4ufig, dass niemand bemerkt, wenn ein eingestelltes Pferd kr\u00e4nkelt oder kolikt. \u00a0 In Shadows Residenz sieht das anders aus, hier wird sich wirklich gut um ihn gek\u00fcmmert. Hat er auch nur die geringste Kleinigkeit, wird darauf geachtet. Bei Koliken wird des N\u00e4chtens st\u00fcndlich kontrolliert, ob Herr Pony sich erholt. \u00a0 Ein DANKE DAF\u00dcR find ich wirklich angebracht und spreche [&hellip;]","og_url":"https:\/\/www.tash-horseexperience.click\/wordpress\/2012\/08\/feeling-ist-eben-doch-alles\/","og_site_name":"Tash-Horseexperience","article_publisher":"https:\/\/www.facebook.com\/TashHorseexperience\/","article_published_time":"2012-08-28T06:03:00+00:00","og_image":[{"url":"https:\/\/nebeleinhorn.files.wordpress.com\/2012\/08\/7be5c-297594_387972381257424_39521232_n.jpg?w=300"}],"twitter_card":"summary","twitter_creator":"@TashHorse","twitter_site":"@TashHorse","twitter_misc":{"Verfasst von":"Tanja","Gesch\u00e4tzte Lesezeit":"4\u00a0Minuten"},"schema":{"@context":"https:\/\/schema.org","@graph":[{"@type":"WebSite","@id":"https:\/\/www.tash-horseexperience.click\/wordpress\/#website","url":"https:\/\/www.tash-horseexperience.click\/wordpress\/","name":"Tash-Horseexperience","description":"Achtsamer Umgang mit dem Pferd","potentialAction":[{"@type":"SearchAction","target":{"@type":"EntryPoint","urlTemplate":"https:\/\/www.tash-horseexperience.click\/wordpress\/?s={search_term_string}"},"query-input":"required name=search_term_string"}],"inLanguage":"de"},{"@type":"ImageObject","@id":"https:\/\/www.tash-horseexperience.click\/wordpress\/2012\/08\/feeling-ist-eben-doch-alles\/#primaryimage","inLanguage":"de","url":"https:\/\/nebeleinhorn.files.wordpress.com\/2012\/08\/7be5c-297594_387972381257424_39521232_n.jpg?w=300","contentUrl":"https:\/\/nebeleinhorn.files.wordpress.com\/2012\/08\/7be5c-297594_387972381257424_39521232_n.jpg?w=300"},{"@type":"WebPage","@id":"https:\/\/www.tash-horseexperience.click\/wordpress\/2012\/08\/feeling-ist-eben-doch-alles\/#webpage","url":"https:\/\/www.tash-horseexperience.click\/wordpress\/2012\/08\/feeling-ist-eben-doch-alles\/","name":"Feeling ist eben doch alles... - Tash-Horseexperience","isPartOf":{"@id":"https:\/\/www.tash-horseexperience.click\/wordpress\/#website"},"primaryImageOfPage":{"@id":"https:\/\/www.tash-horseexperience.click\/wordpress\/2012\/08\/feeling-ist-eben-doch-alles\/#primaryimage"},"datePublished":"2012-08-28T06:03:00+00:00","dateModified":"2012-08-28T06:03:00+00:00","author":{"@id":"https:\/\/www.tash-horseexperience.click\/wordpress\/#\/schema\/person\/a26db3f4f7049da0db0b7bef4f477dfa"},"breadcrumb":{"@id":"https:\/\/www.tash-horseexperience.click\/wordpress\/2012\/08\/feeling-ist-eben-doch-alles\/#breadcrumb"},"inLanguage":"de","potentialAction":[{"@type":"ReadAction","target":["https:\/\/www.tash-horseexperience.click\/wordpress\/2012\/08\/feeling-ist-eben-doch-alles\/"]}]},{"@type":"BreadcrumbList","@id":"https:\/\/www.tash-horseexperience.click\/wordpress\/2012\/08\/feeling-ist-eben-doch-alles\/#breadcrumb","itemListElement":[{"@type":"ListItem","position":1,"name":"Startseite","item":"https:\/\/www.tash-horseexperience.click\/wordpress\/"},{"@type":"ListItem","position":2,"name":"Feeling ist eben doch alles&#8230;"}]},{"@type":"Person","@id":"https:\/\/www.tash-horseexperience.click\/wordpress\/#\/schema\/person\/a26db3f4f7049da0db0b7bef4f477dfa","name":"Tanja","image":{"@type":"ImageObject","@id":"https:\/\/www.tash-horseexperience.click\/wordpress\/#personlogo","inLanguage":"de","url":"https:\/\/secure.gravatar.com\/avatar\/87f17fa40a5ee2ef815eb30e29340391?s=96&d=monsterid&r=g","contentUrl":"https:\/\/secure.gravatar.com\/avatar\/87f17fa40a5ee2ef815eb30e29340391?s=96&d=monsterid&r=g","caption":"Tanja"},"url":"https:\/\/www.tash-horseexperience.click\/wordpress\/author\/tanja\/"}]}},"jetpack_featured_media_url":"","jetpack_publicize_connections":[],"jetpack_sharing_enabled":true,"jetpack_shortlink":"https:\/\/wp.me\/p6BXYn-c5","jetpack-related-posts":[{"id":43,"url":"https:\/\/www.tash-horseexperience.click\/wordpress\/2015\/07\/kampfst-du-noch-oder-lachelst-du-schon\/","url_meta":{"origin":749,"position":0},"title":"K\u00e4mpfst du noch, oder l\u00e4chelst du schon?","date":"","format":false,"excerpt":"Blicke ich auf meine pferdige Laufbahn zur\u00fcck, muss ich feststellen, dass da wenig Platz war f\u00fcr Fairness. Dass diese Zeit\u00a0tats\u00e4chlich von Ehrgeiz, dem \"bewundert werden wollen\" und dem Drang, etwas erreichen zu m\u00fcssen, gepr\u00e4gt war. So trainierte ich f\u00fcr Turniere im Dressur- und Springsport, hatte mein Pferd in einem Reitstall\u2026","rel":"","context":"In &quot;Clickertraining&quot;","img":{"alt_text":"Das L\u00e4cheln siegt \u00fcber den Kampf","src":"https:\/\/i2.wp.com\/www.tash-horseexperience.click\/wordpress\/wp-content\/uploads\/2015\/08\/ULLI7953.jpg?fit=1000%2C668&ssl=1&resize=350%2C200","width":350,"height":200},"classes":[]},{"id":111,"url":"https:\/\/www.tash-horseexperience.click\/wordpress\/2014\/12\/shadow-und-die-pferde-fehlendes-sozialverhalten\/","url_meta":{"origin":749,"position":1},"title":"Shadow und die Pferde &#8211; Fehlendes Sozialverhalten","date":"","format":false,"excerpt":"Heute will ich euch etwas Besonderes zeigen. Ich besch\u00e4ftige mich ja schon l\u00e4nger mit dem Verhalten von Pferden, auch Fehlpr\u00e4gungen, oder eben Defiziten im Sammeln von Erfahrungen des pferdigen Miteinanders. Dazu habe ich Herrn Ponys Werdegang bei mir dokumentiert. Hier also das Werk, bin gespannt auf eure Reaktionen :) Wenn\u2026","rel":"","context":"In &quot;Pferdehaltung&quot;","img":{"alt_text":"","src":"https:\/\/nebeleinhorn.files.wordpress.com\/2014\/12\/046c3-dsc00109.jpg?w=350&h=200&crop=1","width":350,"height":200},"classes":[]},{"id":1193,"url":"https:\/\/www.tash-horseexperience.click\/wordpress\/2015\/04\/wenn-dein-pferd-dich-denken-hort\/","url_meta":{"origin":749,"position":2},"title":"Wenn dein Pferd dich denken h\u00f6rt&#8230;","date":"","format":false,"excerpt":"Scheinbar sollen Pferde ja Meister der Telepathie sein. Dazu will ich euch heute eine kleine Geschichte erz\u00e4hlen. Vor ein paar Wochen hat uns ja unser Freund Raudy, der Haflinger, verlassen und ist \u00fcber die Regenbogenbr\u00fccke gewandert. Anfangs waren sowohl die Ponys als auch ich ziemlich verunsichert. Die Frage, ob Pferde\u2026","rel":"","context":"In &quot;Bodenarbeit&quot;","img":{"alt_text":"","src":"","width":0,"height":0},"classes":[]},{"id":567,"url":"https:\/\/www.tash-horseexperience.click\/wordpress\/2012\/12\/das-pferdesofa-komfort-ist-alles\/","url_meta":{"origin":749,"position":3},"title":"Das Pferdesofa &#8211; Komfort ist alles!","date":"","format":false,"excerpt":"Aus gegebenem Anlass, hab ich mal wieder etwas loszuwerden...\u00a0Heute war ein M\u00e4dchen da, welches gerne eine Reitbeteiligung auf Herrn Pony wollte.F\u00fcr diejenigen unter euch, die wenig mit Pferden zu tun haben: Bei einer Reitbeteiligung zahlt man einen Teil der Stallmiete und darf daf\u00fcr das Pferd reiten und pflegen.\u00a0Grunds\u00e4tzlich auch kein\u2026","rel":"","context":"In &quot;Partner Pferd&quot;","img":{"alt_text":"","src":"https:\/\/nebeleinhorn.files.wordpress.com\/2012\/12\/538fc-557b0485.jpg?w=350&h=200&crop=1","width":350,"height":200},"classes":[]},{"id":406,"url":"https:\/\/www.tash-horseexperience.click\/wordpress\/2013\/04\/have-i-told-you-lately\/","url_meta":{"origin":749,"position":4},"title":"Have I told you lately&#8230;","date":"","format":false,"excerpt":"... that I love you?\u00a0Kitschige Einleitung, ich wei\u00df. Aber habe ich etwas \u00fcber das letzte Jahr mit den Ponys, im Speziellen nat\u00fcrlich \u00fcber Herrn Pony und mich, nachgedacht. Gestern nutzte ich die Gelegenheit des freien Reitplatzes und drehte mit Shadow ein paar Runden darauf. Und jepp, ich im Sattel, er\u2026","rel":"","context":"In &quot;Pers\u00f6nliches&quot;","img":{"alt_text":"","src":"https:\/\/nebeleinhorn.files.wordpress.com\/2013\/04\/9f3e9-img_2311.jpg?w=350&h=200&crop=1","width":350,"height":200},"classes":[]},{"id":665,"url":"https:\/\/www.tash-horseexperience.click\/wordpress\/2012\/10\/ponyspam-shadow-damals-und-heute\/","url_meta":{"origin":749,"position":5},"title":"Ponyspam &#8211; Shadow damals und heute","date":"","format":false,"excerpt":"Wie schnell die Zeit doch vergeht... Im J\u00e4nner 2013, genauer am 19. J\u00e4nner ist Shadow bereits seit f\u00fcnf Jahren bei mir. Eine teilweise schwierige, nervenzehrende aber auch spannende und lehrreiche Zeit. Vor f\u00fcnf Jahren h\u00e4tte ich mir niemals tr\u00e4umen lassen, dass aus uns jemals ein so tolles Team werden k\u00f6nnte.Keinen\u2026","rel":"","context":"In &quot;Partner Pferd&quot;","img":{"alt_text":"","src":"https:\/\/nebeleinhorn.files.wordpress.com\/2012\/10\/3c437-ichreitplatz.jpg?w=350&h=200&crop=1","width":350,"height":200},"classes":[]}],"jetpack_likes_enabled":true,"_links":{"self":[{"href":"https:\/\/www.tash-horseexperience.click\/wordpress\/wp-json\/wp\/v2\/posts\/749"}],"collection":[{"href":"https:\/\/www.tash-horseexperience.click\/wordpress\/wp-json\/wp\/v2\/posts"}],"about":[{"href":"https:\/\/www.tash-horseexperience.click\/wordpress\/wp-json\/wp\/v2\/types\/post"}],"author":[{"embeddable":true,"href":"https:\/\/www.tash-horseexperience.click\/wordpress\/wp-json\/wp\/v2\/users\/3"}],"replies":[{"embeddable":true,"href":"https:\/\/www.tash-horseexperience.click\/wordpress\/wp-json\/wp\/v2\/comments?post=749"}],"version-history":[{"count":0,"href":"https:\/\/www.tash-horseexperience.click\/wordpress\/wp-json\/wp\/v2\/posts\/749\/revisions"}],"wp:attachment":[{"href":"https:\/\/www.tash-horseexperience.click\/wordpress\/wp-json\/wp\/v2\/media?parent=749"}],"wp:term":[{"taxonomy":"category","embeddable":true,"href":"https:\/\/www.tash-horseexperience.click\/wordpress\/wp-json\/wp\/v2\/categories?post=749"},{"taxonomy":"post_tag","embeddable":true,"href":"https:\/\/www.tash-horseexperience.click\/wordpress\/wp-json\/wp\/v2\/tags?post=749"}],"curies":[{"name":"wp","href":"https:\/\/api.w.org\/{rel}","templated":true}]}}